{"id":444,"date":"2016-09-23T22:11:44","date_gmt":"2016-09-23T19:11:44","guid":{"rendered":"http:\/\/helen.vene.ee\/blog\/?p=444"},"modified":"2017-02-18T10:04:48","modified_gmt":"2017-02-18T08:04:48","slug":"madrid-day-3","status":"publish","type":"post","link":"https:\/\/helen.vene.ee\/blog\/2016\/09\/madrid-day-3\/","title":{"rendered":"Madrid 3.0"},"content":{"rendered":"<p>Kolmas p\u00e4ev algas \u00fcsna vara, arvestades seda, et me saime magama alles kell 7 hommikul. Kell 10 tegime luugid lahti ja j\u00e4tsime hommikus\u00f6\u00f6gi vahele. P\u00e4rast pidu, \u00f6\u00f6sel sai m\u00e4kis k\u00e4idud jms.<\/p>\n<p>K\u00e4isime poodides ja ma ei ostnudki riideid. Ostsin ainult <em>Too Faced cocoa contour and highlighting kiti\u00a0<\/em>El Cortes Ingles-ist.<\/p>\n<p>L\u00f5unat s\u00f5ime Mercade de San Ildefonso. S\u00f5ime kana tacosid ja soolase pannkoogi (crepes).<\/p>\n<p>&nbsp;<\/p>\n<p><img loading=\"lazy\" decoding=\"async\" class=\"alignnone size-full wp-image-445\" src=\"http:\/\/helen.vene.ee\/blog\/wp-content\/uploads\/2016\/09\/fullsizeoutput_91d.jpeg\" alt=\"fullsizeoutput_91d\" width=\"2448\" height=\"2373\" srcset=\"https:\/\/helen.vene.ee\/blog\/wp-content\/uploads\/2016\/09\/fullsizeoutput_91d.jpeg 2448w, https:\/\/helen.vene.ee\/blog\/wp-content\/uploads\/2016\/09\/fullsizeoutput_91d-300x291.jpeg 300w\" sizes=\"auto, (max-width: 2448px) 100vw, 2448px\" \/><\/p>\n<p>P\u00e4rast s\u00f6\u00f6ki ja poodlemist vedelesime paar tundi pargis &#8211; Parque del Oeste.<\/p>\n<p><img loading=\"lazy\" decoding=\"async\" class=\"alignnone size-full wp-image-447\" src=\"http:\/\/helen.vene.ee\/blog\/wp-content\/uploads\/2016\/09\/IMG_9508.jpg\" alt=\"IMG_9508\" width=\"1280\" height=\"960\" srcset=\"https:\/\/helen.vene.ee\/blog\/wp-content\/uploads\/2016\/09\/IMG_9508.jpg 1280w, https:\/\/helen.vene.ee\/blog\/wp-content\/uploads\/2016\/09\/IMG_9508-300x225.jpg 300w\" sizes=\"auto, (max-width: 1280px) 100vw, 1280px\" \/><\/p>\n<p>Pildil on n\u00e4ha Debodi templi taga olevat purskkaevu. Caroliina pildistas mingit paarikest ja \u00fcritas mind ka pildistada, aga ma foldisin.<\/p>\n<p><img loading=\"lazy\" decoding=\"async\" class=\"alignnone size-full wp-image-448\" src=\"http:\/\/helen.vene.ee\/blog\/wp-content\/uploads\/2016\/09\/OS4A8171.jpg\" alt=\"OS4A8171\" width=\"5760\" height=\"3840\" srcset=\"https:\/\/helen.vene.ee\/blog\/wp-content\/uploads\/2016\/09\/OS4A8171.jpg 5760w, https:\/\/helen.vene.ee\/blog\/wp-content\/uploads\/2016\/09\/OS4A8171-300x200.jpg 300w\" sizes=\"auto, (max-width: 5760px) 100vw, 5760px\" \/> <img loading=\"lazy\" decoding=\"async\" class=\"alignnone size-full wp-image-449\" src=\"http:\/\/helen.vene.ee\/blog\/wp-content\/uploads\/2016\/09\/OS4A8176.jpg\" alt=\"OS4A8176\" width=\"5760\" height=\"3840\" srcset=\"https:\/\/helen.vene.ee\/blog\/wp-content\/uploads\/2016\/09\/OS4A8176.jpg 5760w, https:\/\/helen.vene.ee\/blog\/wp-content\/uploads\/2016\/09\/OS4A8176-300x200.jpg 300w\" sizes=\"auto, (max-width: 5760px) 100vw, 5760px\" \/><\/p>\n<p>\u00d5htus\u00f6\u00f6giks s\u00f5ime kana ja juurviljade <em>paella<\/em>t. Tavaliselt pakutakse neid mereandidega, aga me palusime teha kana ja juurikatega, sest ma pole v\u00e4ga suur mereandide s\u00f5ber. Arvatavasti oli see mu elu k\u00f5ige parem risotto kogemus. V\u00f5rreldes tavalisega oli v\u00e4ga mahlane ja maitsev.<\/p>\n<p>P\u00e4rast s\u00f6\u00f6ki k\u00e4isime\u00a0<em>Plaza de la Puerta de Sol\u00a0<\/em>ja ma j\u00e4tsin Madridiga h\u00fcvasti. Mu viimane p\u00e4ev Hispaanias, lennuni umbes 9 tundi j\u00e4\u00e4nud. Caroliina r\u00e4\u00e4kis, et keegi \u00fcritas Tio Pepe maja otsast enekat teha, aga feilis.<\/p>\n<p><img loading=\"lazy\" decoding=\"async\" class=\"alignnone size-full wp-image-450\" src=\"http:\/\/helen.vene.ee\/blog\/wp-content\/uploads\/2016\/09\/OS4A8183.jpg\" alt=\"OS4A8183\" width=\"5760\" height=\"3840\" srcset=\"https:\/\/helen.vene.ee\/blog\/wp-content\/uploads\/2016\/09\/OS4A8183.jpg 5760w, https:\/\/helen.vene.ee\/blog\/wp-content\/uploads\/2016\/09\/OS4A8183-300x200.jpg 300w\" sizes=\"auto, (max-width: 5760px) 100vw, 5760px\" \/><\/p>\n","protected":false},"excerpt":{"rendered":"<p>Kolmas p\u00e4ev algas \u00fcsna vara, arvestades seda, et me saime magama alles kell 7 hommikul. Kell 10 tegime luugid lahti ja j\u00e4tsime hommikus\u00f6\u00f6gi vahele. P\u00e4rast pidu, \u00f6\u00f6sel sai m\u00e4kis k\u00e4idud jms. K\u00e4isime poodides ja ma&hellip;<\/p>\n","protected":false},"author":1,"featured_media":448,"comment_status":"open","ping_status":"open","sticky":false,"template":"","format":"standard","meta":{"_crdt_document":"","footnotes":""},"categories":[41,5],"tags":[10,11,7],"class_list":["post-444","post","type-post","status-publish","format-standard","has-post-thumbnail","hentry","category-spain","category-travel","tag-madrid","tag-spain","tag-travel"],"yoast_head":"<!-- This site is optimized with the Yoast SEO plugin v27.4 - https:\/\/yoast.com\/product\/yoast-seo-wordpress\/ -->\n<title>Madrid 3.0 - Helen Vene<\/title>\n<meta name=\"robots\" content=\"index, follow, max-snippet:-1, max-image-preview:large, max-video-preview:-1\" \/>\n<link rel=\"canonical\" href=\"https:\/\/helen.vene.ee\/blog\/2016\/09\/madrid-day-3\/\" \/>\n<meta property=\"og:locale\" content=\"en_US\" \/>\n<meta property=\"og:type\" content=\"article\" \/>\n<meta property=\"og:title\" content=\"Madrid 3.0 - Helen Vene\" \/>\n<meta property=\"og:description\" content=\"Kolmas p\u00e4ev algas \u00fcsna vara, arvestades seda, et me saime magama alles kell 7 hommikul. Kell 10 tegime luugid lahti ja j\u00e4tsime hommikus\u00f6\u00f6gi vahele. P\u00e4rast pidu, \u00f6\u00f6sel sai m\u00e4kis k\u00e4idud jms. K\u00e4isime poodides ja ma&hellip;\" \/>\n<meta property=\"og:url\" content=\"https:\/\/helen.vene.ee\/blog\/2016\/09\/madrid-day-3\/\" \/>\n<meta property=\"og:site_name\" content=\"Helen Vene\" \/>\n<meta property=\"article:published_time\" content=\"2016-09-23T19:11:44+00:00\" \/>\n<meta property=\"article:modified_time\" content=\"2017-02-18T08:04:48+00:00\" \/>\n<meta property=\"og:image\" content=\"https:\/\/helen.vene.ee\/blog\/wp-content\/uploads\/2016\/09\/OS4A8171.jpg\" \/>\n\t<meta property=\"og:image:width\" content=\"5760\" \/>\n\t<meta property=\"og:image:height\" content=\"3840\" \/>\n\t<meta property=\"og:image:type\" content=\"image\/jpeg\" \/>\n<meta name=\"author\" content=\"Helen\" \/>\n<meta name=\"twitter:card\" content=\"summary_large_image\" \/>\n<meta name=\"twitter:label1\" content=\"Written by\" \/>\n\t<meta name=\"twitter:data1\" content=\"Helen\" \/>\n\t<meta name=\"twitter:label2\" content=\"Est. reading time\" \/>\n\t<meta name=\"twitter:data2\" content=\"1 minute\" \/>\n<script type=\"application\/ld+json\" class=\"yoast-schema-graph\">{\"@context\":\"https:\\\/\\\/schema.org\",\"@graph\":[{\"@type\":\"Article\",\"@id\":\"https:\\\/\\\/helen.vene.ee\\\/blog\\\/2016\\\/09\\\/madrid-day-3\\\/#article\",\"isPartOf\":{\"@id\":\"https:\\\/\\\/helen.vene.ee\\\/blog\\\/2016\\\/09\\\/madrid-day-3\\\/\"},\"author\":{\"name\":\"Helen\",\"@id\":\"https:\\\/\\\/helen.vene.ee\\\/blog\\\/#\\\/schema\\\/person\\\/9b2e035aa529d8aaccc27d43609b1ecb\"},\"headline\":\"Madrid 3.0\",\"datePublished\":\"2016-09-23T19:11:44+00:00\",\"dateModified\":\"2017-02-18T08:04:48+00:00\",\"mainEntityOfPage\":{\"@id\":\"https:\\\/\\\/helen.vene.ee\\\/blog\\\/2016\\\/09\\\/madrid-day-3\\\/\"},\"wordCount\":198,\"commentCount\":0,\"publisher\":{\"@id\":\"https:\\\/\\\/helen.vene.ee\\\/blog\\\/#\\\/schema\\\/person\\\/9b2e035aa529d8aaccc27d43609b1ecb\"},\"image\":{\"@id\":\"https:\\\/\\\/helen.vene.ee\\\/blog\\\/2016\\\/09\\\/madrid-day-3\\\/#primaryimage\"},\"thumbnailUrl\":\"https:\\\/\\\/helen.vene.ee\\\/blog\\\/wp-content\\\/uploads\\\/2016\\\/09\\\/OS4A8171.jpg\",\"keywords\":[\"Madrid\",\"Spain\",\"Travel\"],\"articleSection\":[\"Spain\",\"Travel\"],\"inLanguage\":\"en-US\",\"potentialAction\":[{\"@type\":\"CommentAction\",\"name\":\"Comment\",\"target\":[\"https:\\\/\\\/helen.vene.ee\\\/blog\\\/2016\\\/09\\\/madrid-day-3\\\/#respond\"]}]},{\"@type\":\"WebPage\",\"@id\":\"https:\\\/\\\/helen.vene.ee\\\/blog\\\/2016\\\/09\\\/madrid-day-3\\\/\",\"url\":\"https:\\\/\\\/helen.vene.ee\\\/blog\\\/2016\\\/09\\\/madrid-day-3\\\/\",\"name\":\"Madrid 3.0 - Helen Vene\",\"isPartOf\":{\"@id\":\"https:\\\/\\\/helen.vene.ee\\\/blog\\\/#website\"},\"primaryImageOfPage\":{\"@id\":\"https:\\\/\\\/helen.vene.ee\\\/blog\\\/2016\\\/09\\\/madrid-day-3\\\/#primaryimage\"},\"image\":{\"@id\":\"https:\\\/\\\/helen.vene.ee\\\/blog\\\/2016\\\/09\\\/madrid-day-3\\\/#primaryimage\"},\"thumbnailUrl\":\"https:\\\/\\\/helen.vene.ee\\\/blog\\\/wp-content\\\/uploads\\\/2016\\\/09\\\/OS4A8171.jpg\",\"datePublished\":\"2016-09-23T19:11:44+00:00\",\"dateModified\":\"2017-02-18T08:04:48+00:00\",\"breadcrumb\":{\"@id\":\"https:\\\/\\\/helen.vene.ee\\\/blog\\\/2016\\\/09\\\/madrid-day-3\\\/#breadcrumb\"},\"inLanguage\":\"en-US\",\"potentialAction\":[{\"@type\":\"ReadAction\",\"target\":[\"https:\\\/\\\/helen.vene.ee\\\/blog\\\/2016\\\/09\\\/madrid-day-3\\\/\"]}]},{\"@type\":\"ImageObject\",\"inLanguage\":\"en-US\",\"@id\":\"https:\\\/\\\/helen.vene.ee\\\/blog\\\/2016\\\/09\\\/madrid-day-3\\\/#primaryimage\",\"url\":\"https:\\\/\\\/helen.vene.ee\\\/blog\\\/wp-content\\\/uploads\\\/2016\\\/09\\\/OS4A8171.jpg\",\"contentUrl\":\"https:\\\/\\\/helen.vene.ee\\\/blog\\\/wp-content\\\/uploads\\\/2016\\\/09\\\/OS4A8171.jpg\",\"width\":5760,\"height\":3840},{\"@type\":\"BreadcrumbList\",\"@id\":\"https:\\\/\\\/helen.vene.ee\\\/blog\\\/2016\\\/09\\\/madrid-day-3\\\/#breadcrumb\",\"itemListElement\":[{\"@type\":\"ListItem\",\"position\":1,\"name\":\"Home\",\"item\":\"https:\\\/\\\/helen.vene.ee\\\/blog\\\/\"},{\"@type\":\"ListItem\",\"position\":2,\"name\":\"Madrid 3.0\"}]},{\"@type\":\"WebSite\",\"@id\":\"https:\\\/\\\/helen.vene.ee\\\/blog\\\/#website\",\"url\":\"https:\\\/\\\/helen.vene.ee\\\/blog\\\/\",\"name\":\"Helen Vene\",\"description\":\"\",\"publisher\":{\"@id\":\"https:\\\/\\\/helen.vene.ee\\\/blog\\\/#\\\/schema\\\/person\\\/9b2e035aa529d8aaccc27d43609b1ecb\"},\"potentialAction\":[{\"@type\":\"SearchAction\",\"target\":{\"@type\":\"EntryPoint\",\"urlTemplate\":\"https:\\\/\\\/helen.vene.ee\\\/blog\\\/?s={search_term_string}\"},\"query-input\":{\"@type\":\"PropertyValueSpecification\",\"valueRequired\":true,\"valueName\":\"search_term_string\"}}],\"inLanguage\":\"en-US\"},{\"@type\":[\"Person\",\"Organization\"],\"@id\":\"https:\\\/\\\/helen.vene.ee\\\/blog\\\/#\\\/schema\\\/person\\\/9b2e035aa529d8aaccc27d43609b1ecb\",\"name\":\"Helen\",\"image\":{\"@type\":\"ImageObject\",\"inLanguage\":\"en-US\",\"@id\":\"https:\\\/\\\/secure.gravatar.com\\\/avatar\\\/f87827efcf08963d3db91a1dc3eaa2ce93bc4637714cfe8700292da8a683433a?s=96&d=mm&r=g\",\"url\":\"https:\\\/\\\/secure.gravatar.com\\\/avatar\\\/f87827efcf08963d3db91a1dc3eaa2ce93bc4637714cfe8700292da8a683433a?s=96&d=mm&r=g\",\"contentUrl\":\"https:\\\/\\\/secure.gravatar.com\\\/avatar\\\/f87827efcf08963d3db91a1dc3eaa2ce93bc4637714cfe8700292da8a683433a?s=96&d=mm&r=g\",\"caption\":\"Helen\"},\"logo\":{\"@id\":\"https:\\\/\\\/secure.gravatar.com\\\/avatar\\\/f87827efcf08963d3db91a1dc3eaa2ce93bc4637714cfe8700292da8a683433a?s=96&d=mm&r=g\"}}]}<\/script>\n<!-- \/ Yoast SEO plugin. -->","yoast_head_json":{"title":"Madrid 3.0 - Helen Vene","robots":{"index":"index","follow":"follow","max-snippet":"max-snippet:-1","max-image-preview":"max-image-preview:large","max-video-preview":"max-video-preview:-1"},"canonical":"https:\/\/helen.vene.ee\/blog\/2016\/09\/madrid-day-3\/","og_locale":"en_US","og_type":"article","og_title":"Madrid 3.0 - Helen Vene","og_description":"Kolmas p\u00e4ev algas \u00fcsna vara, arvestades seda, et me saime magama alles kell 7 hommikul. Kell 10 tegime luugid lahti ja j\u00e4tsime hommikus\u00f6\u00f6gi vahele. P\u00e4rast pidu, \u00f6\u00f6sel sai m\u00e4kis k\u00e4idud jms. K\u00e4isime poodides ja ma&hellip;","og_url":"https:\/\/helen.vene.ee\/blog\/2016\/09\/madrid-day-3\/","og_site_name":"Helen Vene","article_published_time":"2016-09-23T19:11:44+00:00","article_modified_time":"2017-02-18T08:04:48+00:00","og_image":[{"url":"https:\/\/helen.vene.ee\/blog\/wp-content\/uploads\/2016\/09\/OS4A8171.jpg","width":5760,"height":3840,"type":"image\/jpeg"}],"author":"Helen","twitter_card":"summary_large_image","twitter_misc":{"Written by":"Helen","Est. reading time":"1 minute"},"schema":{"@context":"https:\/\/schema.org","@graph":[{"@type":"Article","@id":"https:\/\/helen.vene.ee\/blog\/2016\/09\/madrid-day-3\/#article","isPartOf":{"@id":"https:\/\/helen.vene.ee\/blog\/2016\/09\/madrid-day-3\/"},"author":{"name":"Helen","@id":"https:\/\/helen.vene.ee\/blog\/#\/schema\/person\/9b2e035aa529d8aaccc27d43609b1ecb"},"headline":"Madrid 3.0","datePublished":"2016-09-23T19:11:44+00:00","dateModified":"2017-02-18T08:04:48+00:00","mainEntityOfPage":{"@id":"https:\/\/helen.vene.ee\/blog\/2016\/09\/madrid-day-3\/"},"wordCount":198,"commentCount":0,"publisher":{"@id":"https:\/\/helen.vene.ee\/blog\/#\/schema\/person\/9b2e035aa529d8aaccc27d43609b1ecb"},"image":{"@id":"https:\/\/helen.vene.ee\/blog\/2016\/09\/madrid-day-3\/#primaryimage"},"thumbnailUrl":"https:\/\/helen.vene.ee\/blog\/wp-content\/uploads\/2016\/09\/OS4A8171.jpg","keywords":["Madrid","Spain","Travel"],"articleSection":["Spain","Travel"],"inLanguage":"en-US","potentialAction":[{"@type":"CommentAction","name":"Comment","target":["https:\/\/helen.vene.ee\/blog\/2016\/09\/madrid-day-3\/#respond"]}]},{"@type":"WebPage","@id":"https:\/\/helen.vene.ee\/blog\/2016\/09\/madrid-day-3\/","url":"https:\/\/helen.vene.ee\/blog\/2016\/09\/madrid-day-3\/","name":"Madrid 3.0 - Helen Vene","isPartOf":{"@id":"https:\/\/helen.vene.ee\/blog\/#website"},"primaryImageOfPage":{"@id":"https:\/\/helen.vene.ee\/blog\/2016\/09\/madrid-day-3\/#primaryimage"},"image":{"@id":"https:\/\/helen.vene.ee\/blog\/2016\/09\/madrid-day-3\/#primaryimage"},"thumbnailUrl":"https:\/\/helen.vene.ee\/blog\/wp-content\/uploads\/2016\/09\/OS4A8171.jpg","datePublished":"2016-09-23T19:11:44+00:00","dateModified":"2017-02-18T08:04:48+00:00","breadcrumb":{"@id":"https:\/\/helen.vene.ee\/blog\/2016\/09\/madrid-day-3\/#breadcrumb"},"inLanguage":"en-US","potentialAction":[{"@type":"ReadAction","target":["https:\/\/helen.vene.ee\/blog\/2016\/09\/madrid-day-3\/"]}]},{"@type":"ImageObject","inLanguage":"en-US","@id":"https:\/\/helen.vene.ee\/blog\/2016\/09\/madrid-day-3\/#primaryimage","url":"https:\/\/helen.vene.ee\/blog\/wp-content\/uploads\/2016\/09\/OS4A8171.jpg","contentUrl":"https:\/\/helen.vene.ee\/blog\/wp-content\/uploads\/2016\/09\/OS4A8171.jpg","width":5760,"height":3840},{"@type":"BreadcrumbList","@id":"https:\/\/helen.vene.ee\/blog\/2016\/09\/madrid-day-3\/#breadcrumb","itemListElement":[{"@type":"ListItem","position":1,"name":"Home","item":"https:\/\/helen.vene.ee\/blog\/"},{"@type":"ListItem","position":2,"name":"Madrid 3.0"}]},{"@type":"WebSite","@id":"https:\/\/helen.vene.ee\/blog\/#website","url":"https:\/\/helen.vene.ee\/blog\/","name":"Helen Vene","description":"","publisher":{"@id":"https:\/\/helen.vene.ee\/blog\/#\/schema\/person\/9b2e035aa529d8aaccc27d43609b1ecb"},"potentialAction":[{"@type":"SearchAction","target":{"@type":"EntryPoint","urlTemplate":"https:\/\/helen.vene.ee\/blog\/?s={search_term_string}"},"query-input":{"@type":"PropertyValueSpecification","valueRequired":true,"valueName":"search_term_string"}}],"inLanguage":"en-US"},{"@type":["Person","Organization"],"@id":"https:\/\/helen.vene.ee\/blog\/#\/schema\/person\/9b2e035aa529d8aaccc27d43609b1ecb","name":"Helen","image":{"@type":"ImageObject","inLanguage":"en-US","@id":"https:\/\/secure.gravatar.com\/avatar\/f87827efcf08963d3db91a1dc3eaa2ce93bc4637714cfe8700292da8a683433a?s=96&d=mm&r=g","url":"https:\/\/secure.gravatar.com\/avatar\/f87827efcf08963d3db91a1dc3eaa2ce93bc4637714cfe8700292da8a683433a?s=96&d=mm&r=g","contentUrl":"https:\/\/secure.gravatar.com\/avatar\/f87827efcf08963d3db91a1dc3eaa2ce93bc4637714cfe8700292da8a683433a?s=96&d=mm&r=g","caption":"Helen"},"logo":{"@id":"https:\/\/secure.gravatar.com\/avatar\/f87827efcf08963d3db91a1dc3eaa2ce93bc4637714cfe8700292da8a683433a?s=96&d=mm&r=g"}}]}},"_links":{"self":[{"href":"https:\/\/helen.vene.ee\/blog\/wp-json\/wp\/v2\/posts\/444","targetHints":{"allow":["GET"]}}],"collection":[{"href":"https:\/\/helen.vene.ee\/blog\/wp-json\/wp\/v2\/posts"}],"about":[{"href":"https:\/\/helen.vene.ee\/blog\/wp-json\/wp\/v2\/types\/post"}],"author":[{"embeddable":true,"href":"https:\/\/helen.vene.ee\/blog\/wp-json\/wp\/v2\/users\/1"}],"replies":[{"embeddable":true,"href":"https:\/\/helen.vene.ee\/blog\/wp-json\/wp\/v2\/comments?post=444"}],"version-history":[{"count":5,"href":"https:\/\/helen.vene.ee\/blog\/wp-json\/wp\/v2\/posts\/444\/revisions"}],"predecessor-version":[{"id":595,"href":"https:\/\/helen.vene.ee\/blog\/wp-json\/wp\/v2\/posts\/444\/revisions\/595"}],"wp:featuredmedia":[{"embeddable":true,"href":"https:\/\/helen.vene.ee\/blog\/wp-json\/wp\/v2\/media\/448"}],"wp:attachment":[{"href":"https:\/\/helen.vene.ee\/blog\/wp-json\/wp\/v2\/media?parent=444"}],"wp:term":[{"taxonomy":"category","embeddable":true,"href":"https:\/\/helen.vene.ee\/blog\/wp-json\/wp\/v2\/categories?post=444"},{"taxonomy":"post_tag","embeddable":true,"href":"https:\/\/helen.vene.ee\/blog\/wp-json\/wp\/v2\/tags?post=444"}],"curies":[{"name":"wp","href":"https:\/\/api.w.org\/{rel}","templated":true}]}}