{"id":3848,"date":"2021-02-07T18:53:52","date_gmt":"2021-02-07T16:53:52","guid":{"rendered":"https:\/\/helen.vene.ee\/blog\/?p=3848"},"modified":"2021-02-07T18:53:54","modified_gmt":"2021-02-07T16:53:54","slug":"lapse-uheteistkumnes-kuu-ehk-poiku-esimene-sona-on-aitah","status":"publish","type":"post","link":"https:\/\/helen.vene.ee\/blog\/2021\/02\/lapse-uheteistkumnes-kuu-ehk-poiku-esimene-sona-on-aitah\/","title":{"rendered":"Lapse \u00fcheteistk\u00fcmnes kuu ehk Poiku esimene s\u00f5na on ait\u00e4h"},"content":{"rendered":"\n<p class=\"wp-block-paragraph\">&#8220;Juba olengi 11-kuune, mida asja?&#8221;<\/p>\n\n\n\n<figure class=\"wp-block-image size-large\"><img loading=\"lazy\" decoding=\"async\" width=\"1440\" height=\"960\" src=\"https:\/\/helen.vene.ee\/blog\/wp-content\/uploads\/2021\/02\/OS4A6487-4-1440x960.jpg\" alt=\"\" class=\"wp-image-3874\" srcset=\"https:\/\/helen.vene.ee\/blog\/wp-content\/uploads\/2021\/02\/OS4A6487-4-1440x960.jpg 1440w, https:\/\/helen.vene.ee\/blog\/wp-content\/uploads\/2021\/02\/OS4A6487-4-300x200.jpg 300w, https:\/\/helen.vene.ee\/blog\/wp-content\/uploads\/2021\/02\/OS4A6487-4-1536x1024.jpg 1536w, https:\/\/helen.vene.ee\/blog\/wp-content\/uploads\/2021\/02\/OS4A6487-4-2048x1365.jpg 2048w, https:\/\/helen.vene.ee\/blog\/wp-content\/uploads\/2021\/02\/OS4A6487-4-800x533.jpg 800w\" sizes=\"auto, (max-width: 1440px) 100vw, 1440px\" \/><\/figure>\n\n\n\n<p class=\"wp-block-paragraph\">Kes veel lugenud pole \u2013 k\u00fcmnenda kuu kokkuv\u00f5te on loetav&nbsp;<a href=\"https:\/\/helen.vene.ee\/blog\/2021\/01\/lapse-kumnes-kuu-ehk-poiku-oppis-pusti-tousma\/\" target=\"_blank\" rel=\"noreferrer noopener\">siit<\/a>&nbsp;ja pildistamine n\u00e4htav&nbsp;<a href=\"https:\/\/helen.vene.ee\/blog\/2021\/01\/lapse-kumnenda-kuu-pildistamine\/\" target=\"_blank\" rel=\"noreferrer noopener\">siit<\/a>.<\/p>\n\n\n\n<p class=\"wp-block-paragraph\">Viimane minis\u00fcnna ongi k\u00e4es. J\u00e4rgmine on juba suur ja pidulik s\u00fcnna. <\/p>\n\n\n\n<p class=\"wp-block-paragraph\">Mis mul vaja Poiku s\u00fcnnip\u00e4evaks teha? Tundub palju asju ja ma \u00fcldse ei jaksa muude toimetuste k\u00f5rvalt neid teha, aga pean end kokku v\u00f5tma. Jep, ma tean, et nii nullmaailma probleemid ja lapsel pigem suva praegu sellest, aga ma ise tahan kunagi tulevikus vaadata ja meenutada, et n\u00e4gin vaeva oma lapse esimeseks s\u00fcnnip\u00e4evaks. Niiet see &#8220;t\u00f6\u00f6de nimekiri&#8221; siis: <\/p>\n\n\n\n<ul class=\"wp-block-list\"><li>Osta riided (ma tahaks mini\u00fclikonda, aga olen leidnud vaid alates suurusest 92)<\/li><li>Tellida kook<\/li><li>Osta kaunistused<\/li><li>Osta kingitus<\/li><li>M\u00f5elda, kuidas me t\u00e4histame s\u00fcnnip\u00e4eva, sest pidu korraldada praegu ei tundu k\u00f5ige m\u00f5istlikum<\/li><\/ul>\n\n\n\n<p class=\"wp-block-paragraph\">Mul on tegelikult veel \u00fcks blogiga seonduv probleem, mida ma ei oska kohe lahendada ja uurimiseks ka pole eriti aega. Osad windowsi ja androidi kasutajad ei n\u00e4e mu blogis videosid. Ja imelik on veel see, et \u00fchte videot n\u00e4itab, \u00fclej\u00e4\u00e4nutel pole pilti, aga heli on ?!?! Mac ja iPhone nagu t\u00f6\u00f6tab k\u00f5ik kenasti. Pean uurima, kuidas seda korda saab. <\/p>\n\n\n\n<p class=\"wp-block-paragraph\">Okei, l\u00e4hme tagasi teema juurde n\u00fc\u00fcd&#8230;<\/p>\n\n\n\n<h2 class=\"wp-block-heading\">\u00dcheteistk\u00fcmnenda kuu ilunumbrid<\/h2>\n\n\n\n<blockquote class=\"wp-block-quote is-layout-flow wp-block-quote-is-layout-flow\"><p>Kaal: 10900 g<\/p><p>Pikkus: 75 cm<\/p><p>Pea\u00fcmberm\u00f5\u00f5t: 47 cm<\/p><\/blockquote>\n\n\n\n<h2 class=\"wp-block-heading\">Statistika kuude l\u00f5ikes<\/h2>\n\n\n\n<figure class=\"wp-block-table\"><table><tbody><tr><td><strong>S\u00fcnna<\/strong><\/td><td><strong>S\u00fcnd<\/strong><\/td><td><strong>1. kuu<\/strong><\/td><td><strong>2. kuu<\/strong><\/td><td><strong>3. kuu<\/strong><\/td><td><strong>4. kuu<\/strong><\/td><td><strong>5. kuu<\/strong><\/td><td><strong>6. kuu<\/strong><\/td><\/tr><tr><td>Kaal (g)<\/td><td>3466 <\/td><td>4285 <\/td><td>5270 <\/td><td>6190 <\/td><td>7100 <\/td><td>7800 <\/td><td>8355<\/td><\/tr><tr><td>Pikkus (cm)<\/td><td>50<\/td><td>56 <\/td><td>60<\/td><td>63<\/td><td>67<\/td><td>68<\/td><td>69<\/td><\/tr><tr><td>Pea\u00fcmberm\u00f5\u00f5t (cm)<\/td><td>36<\/td><td>40<\/td><td>40,5<\/td><td>41,5<\/td><td>42,5<\/td><td>43,5<\/td><td>44,5<\/td><\/tr><\/tbody><\/table><\/figure>\n\n\n\n<figure class=\"wp-block-table\"><table><tbody><tr><td><strong>S\u00fcnna<\/strong><\/td><td><strong>7. kuu<\/strong><\/td><td><strong>8. kuu<\/strong><\/td><td><strong>9. kuu<\/strong><\/td><td><strong>10. kuu<\/strong><\/td><td><strong>11. kuu<\/strong><\/td><\/tr><tr><td>Kaal (g)<\/td><td>9000<\/td><td><span class=\"has-inline-color has-black-color\">9200<\/span><\/td><td>9700<\/td><td>10400<\/td><td>10900<\/td><\/tr><tr><td>Pikkus (cm)<\/td><td>70<\/td><td>71 <\/td><td>75*<\/td><td>75<\/td><td>75<\/td><\/tr><tr><td>Pea\u00fcmberm\u00f5\u00f5t (cm)<\/td><td>45<\/td><td>46<\/td><td>46<\/td><td>47<\/td><td>47<\/td><\/tr><\/tbody><\/table><\/figure>\n\n\n\n<p class=\"wp-block-paragraph\">*9. kuu m\u00f5\u00f5dud v\u00f5tsime kodustes tingimustes. Nendega l\u00e4ks ainult natuke m\u00f6\u00f6da &#8211; Poiku tegelt oli 75 cm (mitte 76 cm) ja 10kg. N\u00fc\u00fcd k\u00f5ik j\u00e4rgnevate minis\u00fcnnade m\u00f5\u00f5dud tulevad ka kodustes tingimustes, j\u00e4rgmine arsti vastuv\u00f5tt on \u00fche aastaselt. <\/p>\n\n\n\n<p class=\"wp-block-paragraph\">11. kuu pikkuse osas ma pole kindel, \u00e4kki on juba 76 cm ka. Aga hetkel on teda nii v\u00f5imatu m\u00f5\u00f5ta. Lepin siis sellega, et j\u00e4rgmisel kuul arsti juures m\u00f5\u00f5detakse ja siis saan teada \u00f5ige seisu \ud83d\ude03.<\/p>\n\n\n\n<figure class=\"wp-block-gallery columns-2 is-cropped wp-block-gallery-1 is-layout-flex wp-block-gallery-is-layout-flex\"><ul class=\"blocks-gallery-grid\"><li class=\"blocks-gallery-item\"><figure><img loading=\"lazy\" decoding=\"async\" width=\"1080\" height=\"1440\" src=\"https:\/\/helen.vene.ee\/blog\/wp-content\/uploads\/2021\/01\/IMG_6695-1080x1440.jpg\" alt=\"\" data-id=\"3852\" data-full-url=\"https:\/\/helen.vene.ee\/blog\/wp-content\/uploads\/2021\/01\/IMG_6695-scaled.jpg\" data-link=\"https:\/\/helen.vene.ee\/blog\/?attachment_id=3852\" class=\"wp-image-3852\" srcset=\"https:\/\/helen.vene.ee\/blog\/wp-content\/uploads\/2021\/01\/IMG_6695-1080x1440.jpg 1080w, https:\/\/helen.vene.ee\/blog\/wp-content\/uploads\/2021\/01\/IMG_6695-225x300.jpg 225w, https:\/\/helen.vene.ee\/blog\/wp-content\/uploads\/2021\/01\/IMG_6695-1152x1536.jpg 1152w, https:\/\/helen.vene.ee\/blog\/wp-content\/uploads\/2021\/01\/IMG_6695-1536x2048.jpg 1536w, https:\/\/helen.vene.ee\/blog\/wp-content\/uploads\/2021\/01\/IMG_6695-800x1067.jpg 800w, https:\/\/helen.vene.ee\/blog\/wp-content\/uploads\/2021\/01\/IMG_6695-scaled.jpg 1920w\" sizes=\"auto, (max-width: 1080px) 100vw, 1080px\" \/><\/figure><\/li><li class=\"blocks-gallery-item\"><figure><img loading=\"lazy\" decoding=\"async\" width=\"1080\" height=\"1440\" src=\"https:\/\/helen.vene.ee\/blog\/wp-content\/uploads\/2021\/01\/63127621408__98021DC3-67DC-41BE-A7BB-201810071FAE-copy-1080x1440.jpg\" alt=\"\" data-id=\"3851\" data-link=\"https:\/\/helen.vene.ee\/blog\/?attachment_id=3851\" class=\"wp-image-3851\" srcset=\"https:\/\/helen.vene.ee\/blog\/wp-content\/uploads\/2021\/01\/63127621408__98021DC3-67DC-41BE-A7BB-201810071FAE-copy-1080x1440.jpg 1080w, https:\/\/helen.vene.ee\/blog\/wp-content\/uploads\/2021\/01\/63127621408__98021DC3-67DC-41BE-A7BB-201810071FAE-copy-225x300.jpg 225w, https:\/\/helen.vene.ee\/blog\/wp-content\/uploads\/2021\/01\/63127621408__98021DC3-67DC-41BE-A7BB-201810071FAE-copy-1152x1536.jpg 1152w, https:\/\/helen.vene.ee\/blog\/wp-content\/uploads\/2021\/01\/63127621408__98021DC3-67DC-41BE-A7BB-201810071FAE-copy-1536x2048.jpg 1536w, https:\/\/helen.vene.ee\/blog\/wp-content\/uploads\/2021\/01\/63127621408__98021DC3-67DC-41BE-A7BB-201810071FAE-copy-800x1067.jpg 800w, https:\/\/helen.vene.ee\/blog\/wp-content\/uploads\/2021\/01\/63127621408__98021DC3-67DC-41BE-A7BB-201810071FAE-copy-scaled.jpg 1920w\" sizes=\"auto, (max-width: 1080px) 100vw, 1080px\" \/><\/figure><\/li><\/ul><\/figure>\n\n\n\n<h2 class=\"wp-block-heading\">Mis me jaanuaris tegime?<\/h2>\n\n\n\n<p class=\"wp-block-paragraph\">Jaanuar ei ole tegelikult hea kuu olnud, aasta algas halvasti&#8230; Pole jaksu, tuju ja tahtmist midagi teha olnud. P\u00fc\u00fcame kuidagi toime tulla. <\/p>\n\n\n\n<p class=\"wp-block-paragraph\">Enne kui asjad halvaks l\u00e4ksid, siis suutsime endal alumise vannitoa valamukapi lahti kakkuda. Seet\u00f5ttu on meil mitmendat n\u00e4dalat elutuba vannitoakappe t\u00e4is. Tahtsin kuivatit saada ja seet\u00f5ttu otsustasime uued kapid alla panna. Pesumasin ja kuivati on olemas, puudu veel t\u00f6\u00f6tasapind, valamu ja segisti. Loodan varsti uue postituse teha sellest, kui valmis saame. \u00dclemises vannitoas teeme ka \u00fcmberkorraldusi seoses sellega, et enam pesumasinat \u00fcleval pole. Ega kui Poiku minis\u00fcnnad on l\u00e4bi, siis polegi enam muust kirjutada, kui kodu uuendustest (mitte, et neid n\u00fc\u00fcd nii palju kogu aeg oleks). M\u00f5ned plaanid siiski on. Reisi jutte ma ei tea ju millal saan kirjutada uuesti&#8230; Just \u00fcksp\u00e4ev m\u00f5tlesin, et ma pole n\u00fc\u00fcd 2 aastat kuskil k\u00e4inud. <\/p>\n\n\n\n<figure class=\"wp-block-video\"><video height=\"1080\" style=\"aspect-ratio: 1920 \/ 1080;\" width=\"1920\" controls src=\"https:\/\/helen.vene.ee\/blog\/wp-content\/uploads\/2021\/02\/IMG_6792.mov\"><\/video><\/figure>\n\n\n\n<p class=\"wp-block-paragraph\">Jaanuaris pidasime ka issi s\u00fcnnip\u00e4eva. Olime kodused. Pildil juustukook ja naabrinaise tehtud peekonij\u00e4\u00e4tis. <\/p>\n\n\n\n<figure class=\"wp-block-gallery columns-1 is-cropped wp-block-gallery-2 is-layout-flex wp-block-gallery-is-layout-flex\"><ul class=\"blocks-gallery-grid\"><li class=\"blocks-gallery-item\"><figure><img loading=\"lazy\" decoding=\"async\" width=\"1080\" height=\"1440\" src=\"https:\/\/helen.vene.ee\/blog\/wp-content\/uploads\/2021\/02\/IMG_6957-copy-1080x1440.jpg\" alt=\"\" data-id=\"3854\" data-full-url=\"https:\/\/helen.vene.ee\/blog\/wp-content\/uploads\/2021\/02\/IMG_6957-copy-scaled.jpg\" data-link=\"https:\/\/helen.vene.ee\/blog\/?attachment_id=3854\" class=\"wp-image-3854\" srcset=\"https:\/\/helen.vene.ee\/blog\/wp-content\/uploads\/2021\/02\/IMG_6957-copy-1080x1440.jpg 1080w, https:\/\/helen.vene.ee\/blog\/wp-content\/uploads\/2021\/02\/IMG_6957-copy-225x300.jpg 225w, https:\/\/helen.vene.ee\/blog\/wp-content\/uploads\/2021\/02\/IMG_6957-copy-1152x1536.jpg 1152w, https:\/\/helen.vene.ee\/blog\/wp-content\/uploads\/2021\/02\/IMG_6957-copy-1536x2048.jpg 1536w, https:\/\/helen.vene.ee\/blog\/wp-content\/uploads\/2021\/02\/IMG_6957-copy-800x1067.jpg 800w, https:\/\/helen.vene.ee\/blog\/wp-content\/uploads\/2021\/02\/IMG_6957-copy-scaled.jpg 1920w\" sizes=\"auto, (max-width: 1080px) 100vw, 1080px\" \/><\/figure><\/li><\/ul><\/figure>\n\n\n\n<h2 class=\"wp-block-heading\">Uued oskused<\/h2>\n\n\n\n<p class=\"wp-block-paragraph\">Poiku jaanuar on muidugi t\u00e4itsa hea olnud, \u00f5nneks. Tal on esimesed s\u00f5nad &#8211; ait\u00e4h, m\u00e4mm-m\u00e4mm. Seda ait\u00e4hi ta kasutab rohkem k\u00fcll nagu &#8220;anna&#8221;, et kui midagi tahab, siis kohe &#8220;ait\u00e4h-ait\u00e4h&#8221;. Kui juba jutt siin m\u00e4mm-m\u00e4mmile l\u00e4ks, siis oleme tema men\u00fc\u00fcd veidi mitmekesisemaks saanud. K\u00e4isime k\u00f5humuredega arstil \u00e4ra, aga targemaks sealt ei saanud. Eks proovime siis omal k\u00e4el toimetada nii, kuidas paremaks peame.<\/p>\n\n\n\n<figure class=\"wp-block-video\"><video height=\"1080\" style=\"aspect-ratio: 1920 \/ 1080;\" width=\"1920\" controls src=\"https:\/\/helen.vene.ee\/blog\/wp-content\/uploads\/2021\/02\/IMG_7012.mov\"><\/video><\/figure>\n\n\n\n<p class=\"wp-block-paragraph\">Veel minu jaoks \u00fcks tore uus oskus on see, et ta tahab n\u00fc\u00fcd ise pudelit hoida. \u00c4rge parempoolsel pildil W asendit vaadake. Tegeleme sellega!<\/p>\n\n\n\n<div class=\"wp-block-columns is-layout-flex wp-container-core-columns-is-layout-8f761849 wp-block-columns-is-layout-flex\">\n<div class=\"wp-block-column is-layout-flow wp-block-column-is-layout-flow\">\n<figure class=\"wp-block-image size-large\"><img loading=\"lazy\" decoding=\"async\" width=\"1080\" height=\"1440\" src=\"https:\/\/helen.vene.ee\/blog\/wp-content\/uploads\/2021\/02\/IMG_7003-copy-1080x1440.jpg\" alt=\"\" class=\"wp-image-3863\" srcset=\"https:\/\/helen.vene.ee\/blog\/wp-content\/uploads\/2021\/02\/IMG_7003-copy-1080x1440.jpg 1080w, https:\/\/helen.vene.ee\/blog\/wp-content\/uploads\/2021\/02\/IMG_7003-copy-225x300.jpg 225w, https:\/\/helen.vene.ee\/blog\/wp-content\/uploads\/2021\/02\/IMG_7003-copy-1152x1536.jpg 1152w, https:\/\/helen.vene.ee\/blog\/wp-content\/uploads\/2021\/02\/IMG_7003-copy-1536x2048.jpg 1536w, https:\/\/helen.vene.ee\/blog\/wp-content\/uploads\/2021\/02\/IMG_7003-copy-800x1067.jpg 800w, https:\/\/helen.vene.ee\/blog\/wp-content\/uploads\/2021\/02\/IMG_7003-copy-scaled.jpg 1920w\" sizes=\"auto, (max-width: 1080px) 100vw, 1080px\" \/><\/figure>\n<\/div>\n\n\n\n<div class=\"wp-block-column is-layout-flow wp-block-column-is-layout-flow\">\n<figure class=\"wp-block-image size-large\"><img loading=\"lazy\" decoding=\"async\" width=\"1052\" height=\"1440\" src=\"https:\/\/helen.vene.ee\/blog\/wp-content\/uploads\/2021\/02\/IMG_0380-copy-1052x1440.jpg\" alt=\"\" class=\"wp-image-3870\" srcset=\"https:\/\/helen.vene.ee\/blog\/wp-content\/uploads\/2021\/02\/IMG_0380-copy-1052x1440.jpg 1052w, https:\/\/helen.vene.ee\/blog\/wp-content\/uploads\/2021\/02\/IMG_0380-copy-219x300.jpg 219w, https:\/\/helen.vene.ee\/blog\/wp-content\/uploads\/2021\/02\/IMG_0380-copy-1122x1536.jpg 1122w, https:\/\/helen.vene.ee\/blog\/wp-content\/uploads\/2021\/02\/IMG_0380-copy-1496x2048.jpg 1496w, https:\/\/helen.vene.ee\/blog\/wp-content\/uploads\/2021\/02\/IMG_0380-copy-800x1095.jpg 800w, https:\/\/helen.vene.ee\/blog\/wp-content\/uploads\/2021\/02\/IMG_0380-copy-scaled.jpg 1870w\" sizes=\"auto, (max-width: 1052px) 100vw, 1052px\" \/><\/figure>\n<\/div>\n<\/div>\n\n\n\n<p class=\"wp-block-paragraph\">Uuteks m\u00e4nguasjadeks on sahtlid ja pikalt l\u00f5bu pakub nendest asjade v\u00e4lja loopimine. P\u00e4ris naljakas oli ka, kui avastasin, et talle meeldib akna toel seista. Sorri, pojake, aga see on nii nunnu video, et seda mitte jagada \ud83d\ude03.<\/p>\n\n\n\n<div class=\"wp-block-columns is-layout-flex wp-container-core-columns-is-layout-8f761849 wp-block-columns-is-layout-flex\">\n<div class=\"wp-block-column is-layout-flow wp-block-column-is-layout-flow\">\n<figure class=\"wp-block-video\"><video height=\"1080\" style=\"aspect-ratio: 1920 \/ 1080;\" width=\"1920\" controls src=\"https:\/\/helen.vene.ee\/blog\/wp-content\/uploads\/2021\/02\/IMG_6808.mov\"><\/video><\/figure>\n<\/div>\n\n\n\n<div class=\"wp-block-column is-layout-flow wp-block-column-is-layout-flow\">\n<figure class=\"wp-block-video\"><video height=\"1080\" style=\"aspect-ratio: 1920 \/ 1080;\" width=\"1920\" controls src=\"https:\/\/helen.vene.ee\/blog\/wp-content\/uploads\/2021\/02\/IMG_6882.mov\"><\/video><\/figure>\n<\/div>\n<\/div>\n\n\n\n<p class=\"wp-block-paragraph\">Veel meeldib talle igale poole ronida.<\/p>\n\n\n\n<figure class=\"wp-block-image size-large\"><img loading=\"lazy\" decoding=\"async\" width=\"1440\" height=\"1080\" src=\"https:\/\/helen.vene.ee\/blog\/wp-content\/uploads\/2021\/02\/IMG_6760-copy-1440x1080.jpg\" alt=\"\" class=\"wp-image-3862\" srcset=\"https:\/\/helen.vene.ee\/blog\/wp-content\/uploads\/2021\/02\/IMG_6760-copy-1440x1080.jpg 1440w, https:\/\/helen.vene.ee\/blog\/wp-content\/uploads\/2021\/02\/IMG_6760-copy-300x225.jpg 300w, https:\/\/helen.vene.ee\/blog\/wp-content\/uploads\/2021\/02\/IMG_6760-copy-1536x1152.jpg 1536w, https:\/\/helen.vene.ee\/blog\/wp-content\/uploads\/2021\/02\/IMG_6760-copy-2048x1536.jpg 2048w, https:\/\/helen.vene.ee\/blog\/wp-content\/uploads\/2021\/02\/IMG_6760-copy-800x600.jpg 800w\" sizes=\"auto, (max-width: 1440px) 100vw, 1440px\" \/><\/figure>\n\n\n\n<p class=\"wp-block-paragraph\">L\u00f5petuseks \u00fcks mu viimase aja lemmikvideotest \ud83d\ude03. T\u00e4htsad jutud emmele meeldivad.<\/p>\n\n\n\n<figure class=\"wp-block-video\"><video height=\"1080\" style=\"aspect-ratio: 1920 \/ 1080;\" width=\"1920\" controls src=\"https:\/\/helen.vene.ee\/blog\/wp-content\/uploads\/2021\/02\/IMG_6733.mov\"><\/video><\/figure>\n\n\n\n<p class=\"wp-block-paragraph\"><span class=\"has-inline-color has-pale-pink-color\">\u2665\u2665\u2665<\/span><\/p>\n","protected":false},"excerpt":{"rendered":"<p>&#8220;Juba olengi 11-kuune, mida asja?&#8221; Kes veel lugenud pole \u2013 k\u00fcmnenda kuu kokkuv\u00f5te on loetav&nbsp;siit&nbsp;ja pildistamine n\u00e4htav&nbsp;siit. Viimane minis\u00fcnna ongi k\u00e4es. J\u00e4rgmine on juba suur ja pidulik s\u00fcnna. Mis mul vaja Poiku s\u00fcnnip\u00e4evaks teha? Tundub&hellip;<\/p>\n","protected":false},"author":1,"featured_media":3874,"comment_status":"open","ping_status":"closed","sticky":false,"template":"","format":"standard","meta":{"_crdt_document":"","footnotes":""},"categories":[243],"tags":[235,260,257,261],"class_list":["post-3848","post","type-post","status-publish","format-standard","has-post-thumbnail","hentry","category-kid","tag-beebi","tag-beebiblogi","tag-laps","tag-minisunna"],"yoast_head":"<!-- This site is optimized with the Yoast SEO plugin v27.5 - https:\/\/yoast.com\/product\/yoast-seo-wordpress\/ -->\n<title>Lapse \u00fcheteistk\u00fcmnes kuu ehk Poiku esimene s\u00f5na on ait\u00e4h - Helen Vene<\/title>\n<meta name=\"description\" content=\"Selles postituses on lapse \u00fcheteistk\u00fcmnes kuu. Viimane minis\u00fcnna postitus. Head lugemist!\" \/>\n<meta name=\"robots\" content=\"index, follow, max-snippet:-1, max-image-preview:large, max-video-preview:-1\" \/>\n<link rel=\"canonical\" href=\"https:\/\/helen.vene.ee\/blog\/2021\/02\/lapse-uheteistkumnes-kuu-ehk-poiku-esimene-sona-on-aitah\/\" \/>\n<meta property=\"og:locale\" content=\"en_US\" \/>\n<meta property=\"og:type\" content=\"article\" \/>\n<meta property=\"og:title\" content=\"Lapse \u00fcheteistk\u00fcmnes kuu ehk Poiku esimene s\u00f5na on ait\u00e4h - Helen Vene\" \/>\n<meta property=\"og:description\" content=\"Selles postituses on lapse \u00fcheteistk\u00fcmnes kuu. Viimane minis\u00fcnna postitus. Head lugemist!\" \/>\n<meta property=\"og:url\" content=\"https:\/\/helen.vene.ee\/blog\/2021\/02\/lapse-uheteistkumnes-kuu-ehk-poiku-esimene-sona-on-aitah\/\" \/>\n<meta property=\"og:site_name\" content=\"Helen Vene\" \/>\n<meta property=\"article:published_time\" content=\"2021-02-07T16:53:52+00:00\" \/>\n<meta property=\"article:modified_time\" content=\"2021-02-07T16:53:54+00:00\" \/>\n<meta property=\"og:image\" content=\"https:\/\/helen.vene.ee\/blog\/wp-content\/uploads\/2021\/02\/OS4A6487-4-scaled.jpg\" \/>\n\t<meta property=\"og:image:width\" content=\"2560\" \/>\n\t<meta property=\"og:image:height\" content=\"1707\" \/>\n\t<meta property=\"og:image:type\" content=\"image\/jpeg\" \/>\n<meta name=\"author\" content=\"Helen\" \/>\n<meta name=\"twitter:card\" content=\"summary_large_image\" \/>\n<meta name=\"twitter:label1\" content=\"Written by\" \/>\n\t<meta name=\"twitter:data1\" content=\"Helen\" \/>\n\t<meta name=\"twitter:label2\" content=\"Est. reading time\" \/>\n\t<meta name=\"twitter:data2\" content=\"5 minutes\" \/>\n<script type=\"application\/ld+json\" class=\"yoast-schema-graph\">{\"@context\":\"https:\\\/\\\/schema.org\",\"@graph\":[{\"@type\":\"Article\",\"@id\":\"https:\\\/\\\/helen.vene.ee\\\/blog\\\/2021\\\/02\\\/lapse-uheteistkumnes-kuu-ehk-poiku-esimene-sona-on-aitah\\\/#article\",\"isPartOf\":{\"@id\":\"https:\\\/\\\/helen.vene.ee\\\/blog\\\/2021\\\/02\\\/lapse-uheteistkumnes-kuu-ehk-poiku-esimene-sona-on-aitah\\\/\"},\"author\":{\"name\":\"Helen\",\"@id\":\"https:\\\/\\\/helen.vene.ee\\\/blog\\\/#\\\/schema\\\/person\\\/9b2e035aa529d8aaccc27d43609b1ecb\"},\"headline\":\"Lapse \u00fcheteistk\u00fcmnes kuu ehk Poiku esimene s\u00f5na on ait\u00e4h\",\"datePublished\":\"2021-02-07T16:53:52+00:00\",\"dateModified\":\"2021-02-07T16:53:54+00:00\",\"mainEntityOfPage\":{\"@id\":\"https:\\\/\\\/helen.vene.ee\\\/blog\\\/2021\\\/02\\\/lapse-uheteistkumnes-kuu-ehk-poiku-esimene-sona-on-aitah\\\/\"},\"wordCount\":687,\"commentCount\":0,\"publisher\":{\"@id\":\"https:\\\/\\\/helen.vene.ee\\\/blog\\\/#\\\/schema\\\/person\\\/9b2e035aa529d8aaccc27d43609b1ecb\"},\"image\":{\"@id\":\"https:\\\/\\\/helen.vene.ee\\\/blog\\\/2021\\\/02\\\/lapse-uheteistkumnes-kuu-ehk-poiku-esimene-sona-on-aitah\\\/#primaryimage\"},\"thumbnailUrl\":\"https:\\\/\\\/helen.vene.ee\\\/blog\\\/wp-content\\\/uploads\\\/2021\\\/02\\\/OS4A6487-4-scaled.jpg\",\"keywords\":[\"beebi\",\"beebiblogi\",\"laps\",\"minis\u00fcnna\"],\"articleSection\":[\"Kid\"],\"inLanguage\":\"en-US\",\"potentialAction\":[{\"@type\":\"CommentAction\",\"name\":\"Comment\",\"target\":[\"https:\\\/\\\/helen.vene.ee\\\/blog\\\/2021\\\/02\\\/lapse-uheteistkumnes-kuu-ehk-poiku-esimene-sona-on-aitah\\\/#respond\"]}]},{\"@type\":\"WebPage\",\"@id\":\"https:\\\/\\\/helen.vene.ee\\\/blog\\\/2021\\\/02\\\/lapse-uheteistkumnes-kuu-ehk-poiku-esimene-sona-on-aitah\\\/\",\"url\":\"https:\\\/\\\/helen.vene.ee\\\/blog\\\/2021\\\/02\\\/lapse-uheteistkumnes-kuu-ehk-poiku-esimene-sona-on-aitah\\\/\",\"name\":\"Lapse \u00fcheteistk\u00fcmnes kuu ehk Poiku esimene s\u00f5na on ait\u00e4h - Helen Vene\",\"isPartOf\":{\"@id\":\"https:\\\/\\\/helen.vene.ee\\\/blog\\\/#website\"},\"primaryImageOfPage\":{\"@id\":\"https:\\\/\\\/helen.vene.ee\\\/blog\\\/2021\\\/02\\\/lapse-uheteistkumnes-kuu-ehk-poiku-esimene-sona-on-aitah\\\/#primaryimage\"},\"image\":{\"@id\":\"https:\\\/\\\/helen.vene.ee\\\/blog\\\/2021\\\/02\\\/lapse-uheteistkumnes-kuu-ehk-poiku-esimene-sona-on-aitah\\\/#primaryimage\"},\"thumbnailUrl\":\"https:\\\/\\\/helen.vene.ee\\\/blog\\\/wp-content\\\/uploads\\\/2021\\\/02\\\/OS4A6487-4-scaled.jpg\",\"datePublished\":\"2021-02-07T16:53:52+00:00\",\"dateModified\":\"2021-02-07T16:53:54+00:00\",\"description\":\"Selles postituses on lapse \u00fcheteistk\u00fcmnes kuu. Viimane minis\u00fcnna postitus. Head lugemist!\",\"breadcrumb\":{\"@id\":\"https:\\\/\\\/helen.vene.ee\\\/blog\\\/2021\\\/02\\\/lapse-uheteistkumnes-kuu-ehk-poiku-esimene-sona-on-aitah\\\/#breadcrumb\"},\"inLanguage\":\"en-US\",\"potentialAction\":[{\"@type\":\"ReadAction\",\"target\":[\"https:\\\/\\\/helen.vene.ee\\\/blog\\\/2021\\\/02\\\/lapse-uheteistkumnes-kuu-ehk-poiku-esimene-sona-on-aitah\\\/\"]}]},{\"@type\":\"ImageObject\",\"inLanguage\":\"en-US\",\"@id\":\"https:\\\/\\\/helen.vene.ee\\\/blog\\\/2021\\\/02\\\/lapse-uheteistkumnes-kuu-ehk-poiku-esimene-sona-on-aitah\\\/#primaryimage\",\"url\":\"https:\\\/\\\/helen.vene.ee\\\/blog\\\/wp-content\\\/uploads\\\/2021\\\/02\\\/OS4A6487-4-scaled.jpg\",\"contentUrl\":\"https:\\\/\\\/helen.vene.ee\\\/blog\\\/wp-content\\\/uploads\\\/2021\\\/02\\\/OS4A6487-4-scaled.jpg\",\"width\":2560,\"height\":1707},{\"@type\":\"BreadcrumbList\",\"@id\":\"https:\\\/\\\/helen.vene.ee\\\/blog\\\/2021\\\/02\\\/lapse-uheteistkumnes-kuu-ehk-poiku-esimene-sona-on-aitah\\\/#breadcrumb\",\"itemListElement\":[{\"@type\":\"ListItem\",\"position\":1,\"name\":\"Home\",\"item\":\"https:\\\/\\\/helen.vene.ee\\\/blog\\\/\"},{\"@type\":\"ListItem\",\"position\":2,\"name\":\"Lapse \u00fcheteistk\u00fcmnes kuu ehk Poiku esimene s\u00f5na on ait\u00e4h\"}]},{\"@type\":\"WebSite\",\"@id\":\"https:\\\/\\\/helen.vene.ee\\\/blog\\\/#website\",\"url\":\"https:\\\/\\\/helen.vene.ee\\\/blog\\\/\",\"name\":\"Helen Vene\",\"description\":\"\",\"publisher\":{\"@id\":\"https:\\\/\\\/helen.vene.ee\\\/blog\\\/#\\\/schema\\\/person\\\/9b2e035aa529d8aaccc27d43609b1ecb\"},\"potentialAction\":[{\"@type\":\"SearchAction\",\"target\":{\"@type\":\"EntryPoint\",\"urlTemplate\":\"https:\\\/\\\/helen.vene.ee\\\/blog\\\/?s={search_term_string}\"},\"query-input\":{\"@type\":\"PropertyValueSpecification\",\"valueRequired\":true,\"valueName\":\"search_term_string\"}}],\"inLanguage\":\"en-US\"},{\"@type\":[\"Person\",\"Organization\"],\"@id\":\"https:\\\/\\\/helen.vene.ee\\\/blog\\\/#\\\/schema\\\/person\\\/9b2e035aa529d8aaccc27d43609b1ecb\",\"name\":\"Helen\",\"image\":{\"@type\":\"ImageObject\",\"inLanguage\":\"en-US\",\"@id\":\"https:\\\/\\\/secure.gravatar.com\\\/avatar\\\/f87827efcf08963d3db91a1dc3eaa2ce93bc4637714cfe8700292da8a683433a?s=96&d=mm&r=g\",\"url\":\"https:\\\/\\\/secure.gravatar.com\\\/avatar\\\/f87827efcf08963d3db91a1dc3eaa2ce93bc4637714cfe8700292da8a683433a?s=96&d=mm&r=g\",\"contentUrl\":\"https:\\\/\\\/secure.gravatar.com\\\/avatar\\\/f87827efcf08963d3db91a1dc3eaa2ce93bc4637714cfe8700292da8a683433a?s=96&d=mm&r=g\",\"caption\":\"Helen\"},\"logo\":{\"@id\":\"https:\\\/\\\/secure.gravatar.com\\\/avatar\\\/f87827efcf08963d3db91a1dc3eaa2ce93bc4637714cfe8700292da8a683433a?s=96&d=mm&r=g\"}}]}<\/script>\n<!-- \/ Yoast SEO plugin. -->","yoast_head_json":{"title":"Lapse \u00fcheteistk\u00fcmnes kuu ehk Poiku esimene s\u00f5na on ait\u00e4h - Helen Vene","description":"Selles postituses on lapse \u00fcheteistk\u00fcmnes kuu. Viimane minis\u00fcnna postitus. Head lugemist!","robots":{"index":"index","follow":"follow","max-snippet":"max-snippet:-1","max-image-preview":"max-image-preview:large","max-video-preview":"max-video-preview:-1"},"canonical":"https:\/\/helen.vene.ee\/blog\/2021\/02\/lapse-uheteistkumnes-kuu-ehk-poiku-esimene-sona-on-aitah\/","og_locale":"en_US","og_type":"article","og_title":"Lapse \u00fcheteistk\u00fcmnes kuu ehk Poiku esimene s\u00f5na on ait\u00e4h - Helen Vene","og_description":"Selles postituses on lapse \u00fcheteistk\u00fcmnes kuu. Viimane minis\u00fcnna postitus. Head lugemist!","og_url":"https:\/\/helen.vene.ee\/blog\/2021\/02\/lapse-uheteistkumnes-kuu-ehk-poiku-esimene-sona-on-aitah\/","og_site_name":"Helen Vene","article_published_time":"2021-02-07T16:53:52+00:00","article_modified_time":"2021-02-07T16:53:54+00:00","og_image":[{"width":2560,"height":1707,"url":"https:\/\/helen.vene.ee\/blog\/wp-content\/uploads\/2021\/02\/OS4A6487-4-scaled.jpg","type":"image\/jpeg"}],"author":"Helen","twitter_card":"summary_large_image","twitter_misc":{"Written by":"Helen","Est. reading time":"5 minutes"},"schema":{"@context":"https:\/\/schema.org","@graph":[{"@type":"Article","@id":"https:\/\/helen.vene.ee\/blog\/2021\/02\/lapse-uheteistkumnes-kuu-ehk-poiku-esimene-sona-on-aitah\/#article","isPartOf":{"@id":"https:\/\/helen.vene.ee\/blog\/2021\/02\/lapse-uheteistkumnes-kuu-ehk-poiku-esimene-sona-on-aitah\/"},"author":{"name":"Helen","@id":"https:\/\/helen.vene.ee\/blog\/#\/schema\/person\/9b2e035aa529d8aaccc27d43609b1ecb"},"headline":"Lapse \u00fcheteistk\u00fcmnes kuu ehk Poiku esimene s\u00f5na on ait\u00e4h","datePublished":"2021-02-07T16:53:52+00:00","dateModified":"2021-02-07T16:53:54+00:00","mainEntityOfPage":{"@id":"https:\/\/helen.vene.ee\/blog\/2021\/02\/lapse-uheteistkumnes-kuu-ehk-poiku-esimene-sona-on-aitah\/"},"wordCount":687,"commentCount":0,"publisher":{"@id":"https:\/\/helen.vene.ee\/blog\/#\/schema\/person\/9b2e035aa529d8aaccc27d43609b1ecb"},"image":{"@id":"https:\/\/helen.vene.ee\/blog\/2021\/02\/lapse-uheteistkumnes-kuu-ehk-poiku-esimene-sona-on-aitah\/#primaryimage"},"thumbnailUrl":"https:\/\/helen.vene.ee\/blog\/wp-content\/uploads\/2021\/02\/OS4A6487-4-scaled.jpg","keywords":["beebi","beebiblogi","laps","minis\u00fcnna"],"articleSection":["Kid"],"inLanguage":"en-US","potentialAction":[{"@type":"CommentAction","name":"Comment","target":["https:\/\/helen.vene.ee\/blog\/2021\/02\/lapse-uheteistkumnes-kuu-ehk-poiku-esimene-sona-on-aitah\/#respond"]}]},{"@type":"WebPage","@id":"https:\/\/helen.vene.ee\/blog\/2021\/02\/lapse-uheteistkumnes-kuu-ehk-poiku-esimene-sona-on-aitah\/","url":"https:\/\/helen.vene.ee\/blog\/2021\/02\/lapse-uheteistkumnes-kuu-ehk-poiku-esimene-sona-on-aitah\/","name":"Lapse \u00fcheteistk\u00fcmnes kuu ehk Poiku esimene s\u00f5na on ait\u00e4h - Helen Vene","isPartOf":{"@id":"https:\/\/helen.vene.ee\/blog\/#website"},"primaryImageOfPage":{"@id":"https:\/\/helen.vene.ee\/blog\/2021\/02\/lapse-uheteistkumnes-kuu-ehk-poiku-esimene-sona-on-aitah\/#primaryimage"},"image":{"@id":"https:\/\/helen.vene.ee\/blog\/2021\/02\/lapse-uheteistkumnes-kuu-ehk-poiku-esimene-sona-on-aitah\/#primaryimage"},"thumbnailUrl":"https:\/\/helen.vene.ee\/blog\/wp-content\/uploads\/2021\/02\/OS4A6487-4-scaled.jpg","datePublished":"2021-02-07T16:53:52+00:00","dateModified":"2021-02-07T16:53:54+00:00","description":"Selles postituses on lapse \u00fcheteistk\u00fcmnes kuu. Viimane minis\u00fcnna postitus. Head lugemist!","breadcrumb":{"@id":"https:\/\/helen.vene.ee\/blog\/2021\/02\/lapse-uheteistkumnes-kuu-ehk-poiku-esimene-sona-on-aitah\/#breadcrumb"},"inLanguage":"en-US","potentialAction":[{"@type":"ReadAction","target":["https:\/\/helen.vene.ee\/blog\/2021\/02\/lapse-uheteistkumnes-kuu-ehk-poiku-esimene-sona-on-aitah\/"]}]},{"@type":"ImageObject","inLanguage":"en-US","@id":"https:\/\/helen.vene.ee\/blog\/2021\/02\/lapse-uheteistkumnes-kuu-ehk-poiku-esimene-sona-on-aitah\/#primaryimage","url":"https:\/\/helen.vene.ee\/blog\/wp-content\/uploads\/2021\/02\/OS4A6487-4-scaled.jpg","contentUrl":"https:\/\/helen.vene.ee\/blog\/wp-content\/uploads\/2021\/02\/OS4A6487-4-scaled.jpg","width":2560,"height":1707},{"@type":"BreadcrumbList","@id":"https:\/\/helen.vene.ee\/blog\/2021\/02\/lapse-uheteistkumnes-kuu-ehk-poiku-esimene-sona-on-aitah\/#breadcrumb","itemListElement":[{"@type":"ListItem","position":1,"name":"Home","item":"https:\/\/helen.vene.ee\/blog\/"},{"@type":"ListItem","position":2,"name":"Lapse \u00fcheteistk\u00fcmnes kuu ehk Poiku esimene s\u00f5na on ait\u00e4h"}]},{"@type":"WebSite","@id":"https:\/\/helen.vene.ee\/blog\/#website","url":"https:\/\/helen.vene.ee\/blog\/","name":"Helen Vene","description":"","publisher":{"@id":"https:\/\/helen.vene.ee\/blog\/#\/schema\/person\/9b2e035aa529d8aaccc27d43609b1ecb"},"potentialAction":[{"@type":"SearchAction","target":{"@type":"EntryPoint","urlTemplate":"https:\/\/helen.vene.ee\/blog\/?s={search_term_string}"},"query-input":{"@type":"PropertyValueSpecification","valueRequired":true,"valueName":"search_term_string"}}],"inLanguage":"en-US"},{"@type":["Person","Organization"],"@id":"https:\/\/helen.vene.ee\/blog\/#\/schema\/person\/9b2e035aa529d8aaccc27d43609b1ecb","name":"Helen","image":{"@type":"ImageObject","inLanguage":"en-US","@id":"https:\/\/secure.gravatar.com\/avatar\/f87827efcf08963d3db91a1dc3eaa2ce93bc4637714cfe8700292da8a683433a?s=96&d=mm&r=g","url":"https:\/\/secure.gravatar.com\/avatar\/f87827efcf08963d3db91a1dc3eaa2ce93bc4637714cfe8700292da8a683433a?s=96&d=mm&r=g","contentUrl":"https:\/\/secure.gravatar.com\/avatar\/f87827efcf08963d3db91a1dc3eaa2ce93bc4637714cfe8700292da8a683433a?s=96&d=mm&r=g","caption":"Helen"},"logo":{"@id":"https:\/\/secure.gravatar.com\/avatar\/f87827efcf08963d3db91a1dc3eaa2ce93bc4637714cfe8700292da8a683433a?s=96&d=mm&r=g"}}]}},"_links":{"self":[{"href":"https:\/\/helen.vene.ee\/blog\/wp-json\/wp\/v2\/posts\/3848","targetHints":{"allow":["GET"]}}],"collection":[{"href":"https:\/\/helen.vene.ee\/blog\/wp-json\/wp\/v2\/posts"}],"about":[{"href":"https:\/\/helen.vene.ee\/blog\/wp-json\/wp\/v2\/types\/post"}],"author":[{"embeddable":true,"href":"https:\/\/helen.vene.ee\/blog\/wp-json\/wp\/v2\/users\/1"}],"replies":[{"embeddable":true,"href":"https:\/\/helen.vene.ee\/blog\/wp-json\/wp\/v2\/comments?post=3848"}],"version-history":[{"count":12,"href":"https:\/\/helen.vene.ee\/blog\/wp-json\/wp\/v2\/posts\/3848\/revisions"}],"predecessor-version":[{"id":3888,"href":"https:\/\/helen.vene.ee\/blog\/wp-json\/wp\/v2\/posts\/3848\/revisions\/3888"}],"wp:featuredmedia":[{"embeddable":true,"href":"https:\/\/helen.vene.ee\/blog\/wp-json\/wp\/v2\/media\/3874"}],"wp:attachment":[{"href":"https:\/\/helen.vene.ee\/blog\/wp-json\/wp\/v2\/media?parent=3848"}],"wp:term":[{"taxonomy":"category","embeddable":true,"href":"https:\/\/helen.vene.ee\/blog\/wp-json\/wp\/v2\/categories?post=3848"},{"taxonomy":"post_tag","embeddable":true,"href":"https:\/\/helen.vene.ee\/blog\/wp-json\/wp\/v2\/tags?post=3848"}],"curies":[{"name":"wp","href":"https:\/\/api.w.org\/{rel}","templated":true}]}}