{"id":3363,"date":"2020-07-29T13:52:48","date_gmt":"2020-07-29T10:52:48","guid":{"rendered":"https:\/\/helen.vene.ee\/blog\/?p=3363"},"modified":"2020-07-29T14:08:26","modified_gmt":"2020-07-29T11:08:26","slug":"lapse-toa-sisekujundus","status":"publish","type":"post","link":"https:\/\/helen.vene.ee\/blog\/2020\/07\/lapse-toa-sisekujundus\/","title":{"rendered":"Lapse toa sisekujundus ehk uus riidekapp ja tapeet seinas"},"content":{"rendered":"\n<p class=\"wp-block-paragraph\">Tereee! T\u00e4naseks postituse teemaks lapse toa sisekujundus ehk vaatame \u00fcle, mis uuendusi me lapse toas teinud oleme. Panime seina tapeedi ja ostsime talle riidekapi. <\/p>\n\n\n\n<p class=\"wp-block-paragraph\">Enne beebi tulekut n\u00e4gi tuba v\u00e4lja selline:<\/p>\n\n\n\n<figure class=\"wp-block-image size-large\"><img loading=\"lazy\" decoding=\"async\" width=\"2560\" height=\"1707\" src=\"https:\/\/helen.vene.ee\/blog\/wp-content\/uploads\/2020\/02\/OS4A2814-9-scaled.jpg\" alt=\"Lapse tuba - l\u00f5plik paigutus\" class=\"wp-image-3059\" srcset=\"https:\/\/helen.vene.ee\/blog\/wp-content\/uploads\/2020\/02\/OS4A2814-9-scaled.jpg 2560w, https:\/\/helen.vene.ee\/blog\/wp-content\/uploads\/2020\/02\/OS4A2814-9-300x200.jpg 300w\" sizes=\"auto, (max-width: 2560px) 100vw, 2560px\" \/><\/figure>\n\n\n\n<p class=\"wp-block-paragraph\">Keda t\u00e4psemalt huvitab eelmine tuba, siis on loetav <a href=\"https:\/\/helen.vene.ee\/blog\/2020\/02\/lapse-tuba\/\" target=\"_blank\" aria-label=\"undefined (opens in a new tab)\" rel=\"noreferrer noopener\">siit<\/a>. <\/p>\n\n\n\n<h2 class=\"wp-block-heading\">Tapeet<\/h2>\n\n\n\n<p class=\"wp-block-paragraph\">Tapeedi isu oli mul juba ammu-ammu. Lihtsalt ma ei suutnud v\u00e4lja valida, et millist tapeeti tahan. Algselt ma vaatasin selliseid nunnusid lastekaid, aga l\u00f5puks otsustasin, et midagi neutraalsemat on &#8220;turvalisem&#8221; panna. Kui lasteka paneks, siis peaks m\u00f5ne aasta p\u00e4rast seda vahetama hakkama, kui laps \u00e4ra t\u00fcdineb v\u00f5i suuremaks kasvab.. v\u00f5i kui mina ise t\u00fcdinen nunnude rebaste ja j\u00e4nkude vaatamisest \u00e4ra \ud83d\ude03.<\/p>\n\n\n\n<p class=\"wp-block-paragraph\">Mulle meeldis n\u00e4iteks selline lastekas Moonavoorist:<\/p>\n\n\n\n<figure class=\"wp-block-image size-large\"><img decoding=\"async\" src=\"https:\/\/moonavoor.ee\/image\/type:productGalleryImage\/id:75721\/multiplier:2\/91032-Peek-a-boo-neutral-Roomshot_web.jpg\" alt=\"\"\/><figcaption>Pilt: Moonavoor.ee<\/figcaption><\/figure>\n\n\n\n<p class=\"wp-block-paragraph\">Kuna mul poodides kolamiseks aega polnud ja tol hetkel vist v\u00e4ga ei saanudki koroona p\u00e4rast, siis kammisin e-poode nii palju kui jaksasin. L\u00f5puks otsustasin ikkagi \u00fche tapeedi kasuks, mida olin juba alguses mitmetes laste e-poodides n\u00e4inud. Ju siis ikkagi esimene variant j\u00e4i k\u00f5ige rohkem meeldima. <\/p>\n\n\n\n<p class=\"wp-block-paragraph\">Tapeedi ostsin <span class=\"has-inline-color has-black-color\"><a aria-label=\"undefined (opens in a new tab)\" href=\"https:\/\/moonavoor.ee\" target=\"_blank\" rel=\"noreferrer noopener nofollow\">Moonavoorist<\/a><\/span>. Aga seda n\u00e4gin veel n\u00e4iteks<span class=\"has-inline-color has-vivid-red-color\"> <\/span><span class=\"has-inline-color has-black-color\"><a href=\"https:\/\/superkuu.ee\" target=\"_blank\" aria-label=\"undefined (opens in a new tab)\" rel=\"noreferrer noopener nofollow\">Superkuu e-poes<\/a>.<\/span><\/p>\n\n\n\n<p class=\"wp-block-paragraph\">Tapeedipanek oli paras tsirkus. \u00dctlesin mehele, et jajah panen emaga koos selle \u00e4ra. Oleme emaga pannud k\u00fcll enne tapeeti, ainult selle vahega, et mitte pabertapeeti \ud83d\ude03. Pabertapeeti on palju raskem panna kui fliistapeeti. Kui ma suutsin esimese paani nurga puruks venitada, siis tahtsin juba k\u00e4ega l\u00fc\u00fca, pisar silmis ja teatasin, et tapeeti poisi tuppa ei tule \ud83d\ude03. Mees j\u00e4ttis siis oma toimetused pooleli ja aitas koos mu emaga tapeedi seina panna ja ilus sai! Tore, et v\u00e4hemalt keegi meie peres ei ole nii k\u00e4rsitu nagu mina.<\/p>\n\n\n\n<p class=\"wp-block-paragraph\">Mulle meeldib see tapeet, see on piisavalt neutraalne, aga annab toale v\u00e4rvi juurde. Sobib h\u00e4sti ka tugitooli, vanavanemate kingitud j\u00e4nesega ja Ameli karbikesega.<\/p>\n\n\n\n<figure class=\"wp-block-gallery columns-1 is-cropped wp-block-gallery-1 is-layout-flex wp-block-gallery-is-layout-flex\"><ul class=\"blocks-gallery-grid\"><li class=\"blocks-gallery-item\"><figure><img loading=\"lazy\" decoding=\"async\" width=\"1440\" height=\"1080\" src=\"https:\/\/helen.vene.ee\/blog\/wp-content\/uploads\/2020\/07\/IMG_5054-2-1440x1080.jpg\" alt=\"\" data-id=\"3514\" data-full-url=\"https:\/\/helen.vene.ee\/blog\/wp-content\/uploads\/2020\/07\/IMG_5054-2-scaled.jpg\" data-link=\"https:\/\/helen.vene.ee\/blog\/2020\/07\/lapse-toa-sisekujundus\/img_5054-2\/\" class=\"wp-image-3514\" srcset=\"https:\/\/helen.vene.ee\/blog\/wp-content\/uploads\/2020\/07\/IMG_5054-2-1440x1080.jpg 1440w, https:\/\/helen.vene.ee\/blog\/wp-content\/uploads\/2020\/07\/IMG_5054-2-300x225.jpg 300w, https:\/\/helen.vene.ee\/blog\/wp-content\/uploads\/2020\/07\/IMG_5054-2-1536x1152.jpg 1536w, https:\/\/helen.vene.ee\/blog\/wp-content\/uploads\/2020\/07\/IMG_5054-2-2048x1536.jpg 2048w, https:\/\/helen.vene.ee\/blog\/wp-content\/uploads\/2020\/07\/IMG_5054-2-800x600.jpg 800w\" sizes=\"auto, (max-width: 1440px) 100vw, 1440px\" \/><\/figure><\/li><\/ul><\/figure>\n\n\n\n<h2 class=\"wp-block-heading\">Riidekapp<\/h2>\n\n\n\n<p class=\"wp-block-paragraph\">Raseduse ajal mul oli hullult vaja m\u00e4hkimislauaga kummutit \ud83d\ude03. Reaalsus on see, et nii kui laps k\u00e4es oli ja asju tekkis rohkem, siis kummut j\u00e4i v\u00e4ikseks. Tekkis vajadus riidekapi j\u00e4rgi. Ma voodi ja kummutiga sama seeria riidekappi ei n\u00e4inud m\u00f5tet osta, sest esiteks, see on \u00fcsna kr\u00f5beda hinnaga ja teiseks, riidekapp on palju pikemalt meil siin vajalik kui v\u00f5revoodi. Ehk siis nagunii mingi hetk m\u00fc\u00fcn voodi ja kummuti kombo maha, seega pole hullu, kui riidekapp pole samast seeriast. <\/p>\n\n\n\n<p class=\"wp-block-paragraph\">Riidekappi ma vaatasin ka igast erinevaid, aga otsustasin l\u00f5puks Ikea kasuks, kuna meil endal on need kapid ja v\u00e4ga meeldivad. Tegelikult ma n\u00e4gin Instas \u00e4gedaid pilte ka ja sain natuke sealt inspiratsiooni, et millist kappi lapsele tahan. Ikea boonus on veel see, et kuna niikuinii poiss ja tema vajadused kasvavad, siis saame mooduleid juurde osta ja ka kapiuksed panna.<\/p>\n\n\n\n<figure class=\"wp-block-gallery columns-2 is-cropped wp-block-gallery-2 is-layout-flex wp-block-gallery-is-layout-flex\"><ul class=\"blocks-gallery-grid\"><li class=\"blocks-gallery-item\"><figure><img loading=\"lazy\" decoding=\"async\" width=\"960\" height=\"1440\" src=\"https:\/\/helen.vene.ee\/blog\/wp-content\/uploads\/2020\/07\/OS4A3901-1-960x1440.jpg\" alt=\"\" data-id=\"3508\" data-full-url=\"https:\/\/helen.vene.ee\/blog\/wp-content\/uploads\/2020\/07\/OS4A3901-1-scaled.jpg\" data-link=\"https:\/\/helen.vene.ee\/blog\/?attachment_id=3508\" class=\"wp-image-3508\" srcset=\"https:\/\/helen.vene.ee\/blog\/wp-content\/uploads\/2020\/07\/OS4A3901-1-960x1440.jpg 960w, https:\/\/helen.vene.ee\/blog\/wp-content\/uploads\/2020\/07\/OS4A3901-1-200x300.jpg 200w, https:\/\/helen.vene.ee\/blog\/wp-content\/uploads\/2020\/07\/OS4A3901-1-1024x1536.jpg 1024w, https:\/\/helen.vene.ee\/blog\/wp-content\/uploads\/2020\/07\/OS4A3901-1-1365x2048.jpg 1365w, https:\/\/helen.vene.ee\/blog\/wp-content\/uploads\/2020\/07\/OS4A3901-1-800x1200.jpg 800w, https:\/\/helen.vene.ee\/blog\/wp-content\/uploads\/2020\/07\/OS4A3901-1-scaled.jpg 1707w\" sizes=\"auto, (max-width: 960px) 100vw, 960px\" \/><\/figure><\/li><li class=\"blocks-gallery-item\"><figure><img loading=\"lazy\" decoding=\"async\" width=\"1080\" height=\"1440\" src=\"https:\/\/helen.vene.ee\/blog\/wp-content\/uploads\/2020\/07\/DFE652A7-90A4-4115-8A56-0A175B6AA25A-1080x1440.jpeg\" alt=\"\" data-id=\"3495\" data-full-url=\"https:\/\/helen.vene.ee\/blog\/wp-content\/uploads\/2020\/07\/DFE652A7-90A4-4115-8A56-0A175B6AA25A-scaled.jpeg\" data-link=\"https:\/\/helen.vene.ee\/blog\/?attachment_id=3495\" class=\"wp-image-3495\" srcset=\"https:\/\/helen.vene.ee\/blog\/wp-content\/uploads\/2020\/07\/DFE652A7-90A4-4115-8A56-0A175B6AA25A-1080x1440.jpeg 1080w, https:\/\/helen.vene.ee\/blog\/wp-content\/uploads\/2020\/07\/DFE652A7-90A4-4115-8A56-0A175B6AA25A-225x300.jpeg 225w, https:\/\/helen.vene.ee\/blog\/wp-content\/uploads\/2020\/07\/DFE652A7-90A4-4115-8A56-0A175B6AA25A-1152x1536.jpeg 1152w, https:\/\/helen.vene.ee\/blog\/wp-content\/uploads\/2020\/07\/DFE652A7-90A4-4115-8A56-0A175B6AA25A-1536x2048.jpeg 1536w, https:\/\/helen.vene.ee\/blog\/wp-content\/uploads\/2020\/07\/DFE652A7-90A4-4115-8A56-0A175B6AA25A-800x1067.jpeg 800w, https:\/\/helen.vene.ee\/blog\/wp-content\/uploads\/2020\/07\/DFE652A7-90A4-4115-8A56-0A175B6AA25A-scaled.jpeg 1920w\" sizes=\"auto, (max-width: 1080px) 100vw, 1080px\" \/><\/figure><\/li><\/ul><\/figure>\n\n\n\n<p class=\"wp-block-paragraph\">&#8216;<em>It&#8217;s a boy<\/em>&#8216; sildi taga on tegelikult kastid, mille sisse olen praegu pannud v\u00e4ikseks j\u00e4\u00e4nud asjad. Kastid on tegelikult ise ka t\u00e4itsa normaalsed, aga kuna mul polnud seda silti mujale panna, siis otsustasin, et see v\u00f5iks seal ees olla \ud83d\ude03. Nagunii neid kaste kogu aeg ei n\u00e4pi.<\/p>\n\n\n\n<figure class=\"wp-block-gallery columns-1 is-cropped wp-block-gallery-3 is-layout-flex wp-block-gallery-is-layout-flex\"><ul class=\"blocks-gallery-grid\"><li class=\"blocks-gallery-item\"><figure><img loading=\"lazy\" decoding=\"async\" width=\"1440\" height=\"960\" src=\"https:\/\/helen.vene.ee\/blog\/wp-content\/uploads\/2020\/07\/OS4A3870-1-1440x960.jpg\" alt=\"\" data-id=\"3492\" data-full-url=\"https:\/\/helen.vene.ee\/blog\/wp-content\/uploads\/2020\/07\/OS4A3870-1-scaled.jpg\" data-link=\"https:\/\/helen.vene.ee\/blog\/?attachment_id=3492\" class=\"wp-image-3492\" srcset=\"https:\/\/helen.vene.ee\/blog\/wp-content\/uploads\/2020\/07\/OS4A3870-1-1440x960.jpg 1440w, https:\/\/helen.vene.ee\/blog\/wp-content\/uploads\/2020\/07\/OS4A3870-1-300x200.jpg 300w, https:\/\/helen.vene.ee\/blog\/wp-content\/uploads\/2020\/07\/OS4A3870-1-1536x1024.jpg 1536w, https:\/\/helen.vene.ee\/blog\/wp-content\/uploads\/2020\/07\/OS4A3870-1-2048x1365.jpg 2048w, https:\/\/helen.vene.ee\/blog\/wp-content\/uploads\/2020\/07\/OS4A3870-1-800x533.jpg 800w\" sizes=\"auto, (max-width: 1440px) 100vw, 1440px\" \/><\/figure><\/li><li class=\"blocks-gallery-item\"><figure><img loading=\"lazy\" decoding=\"async\" width=\"1440\" height=\"1080\" src=\"https:\/\/helen.vene.ee\/blog\/wp-content\/uploads\/2020\/07\/6218561A-C7C6-4689-BA4A-68E483A48EF3-1440x1080.jpeg\" alt=\"\" data-id=\"3497\" data-full-url=\"https:\/\/helen.vene.ee\/blog\/wp-content\/uploads\/2020\/07\/6218561A-C7C6-4689-BA4A-68E483A48EF3-scaled.jpeg\" data-link=\"https:\/\/helen.vene.ee\/blog\/?attachment_id=3497\" class=\"wp-image-3497\" srcset=\"https:\/\/helen.vene.ee\/blog\/wp-content\/uploads\/2020\/07\/6218561A-C7C6-4689-BA4A-68E483A48EF3-1440x1080.jpeg 1440w, https:\/\/helen.vene.ee\/blog\/wp-content\/uploads\/2020\/07\/6218561A-C7C6-4689-BA4A-68E483A48EF3-300x225.jpeg 300w, https:\/\/helen.vene.ee\/blog\/wp-content\/uploads\/2020\/07\/6218561A-C7C6-4689-BA4A-68E483A48EF3-1536x1152.jpeg 1536w, https:\/\/helen.vene.ee\/blog\/wp-content\/uploads\/2020\/07\/6218561A-C7C6-4689-BA4A-68E483A48EF3-2048x1536.jpeg 2048w, https:\/\/helen.vene.ee\/blog\/wp-content\/uploads\/2020\/07\/6218561A-C7C6-4689-BA4A-68E483A48EF3-800x600.jpeg 800w\" sizes=\"auto, (max-width: 1440px) 100vw, 1440px\" \/><\/figure><\/li><li class=\"blocks-gallery-item\"><figure><img loading=\"lazy\" decoding=\"async\" width=\"1440\" height=\"1080\" src=\"https:\/\/helen.vene.ee\/blog\/wp-content\/uploads\/2020\/07\/7D98E818-EA58-4D6E-9631-F34405BC8034-1440x1080.jpeg\" alt=\"\" data-id=\"3496\" data-full-url=\"https:\/\/helen.vene.ee\/blog\/wp-content\/uploads\/2020\/07\/7D98E818-EA58-4D6E-9631-F34405BC8034-scaled.jpeg\" data-link=\"https:\/\/helen.vene.ee\/blog\/?attachment_id=3496\" class=\"wp-image-3496\" srcset=\"https:\/\/helen.vene.ee\/blog\/wp-content\/uploads\/2020\/07\/7D98E818-EA58-4D6E-9631-F34405BC8034-1440x1080.jpeg 1440w, https:\/\/helen.vene.ee\/blog\/wp-content\/uploads\/2020\/07\/7D98E818-EA58-4D6E-9631-F34405BC8034-300x225.jpeg 300w, https:\/\/helen.vene.ee\/blog\/wp-content\/uploads\/2020\/07\/7D98E818-EA58-4D6E-9631-F34405BC8034-1536x1152.jpeg 1536w, https:\/\/helen.vene.ee\/blog\/wp-content\/uploads\/2020\/07\/7D98E818-EA58-4D6E-9631-F34405BC8034-2048x1536.jpeg 2048w, https:\/\/helen.vene.ee\/blog\/wp-content\/uploads\/2020\/07\/7D98E818-EA58-4D6E-9631-F34405BC8034-800x600.jpeg 800w\" sizes=\"auto, (max-width: 1440px) 100vw, 1440px\" \/><\/figure><\/li><\/ul><\/figure>\n\n\n\n<p class=\"wp-block-paragraph\">Mulle v\u00e4ga meeldib see eraldussahtel, seal nii m\u00f5nus v\u00e4iksemaid asju hoida. Natuke kahetsen, et esimese sahtli klaasiga v\u00f5tsin, mul hetkel pole sinna midagi &#8220;v\u00e4lja panna&#8221;, et oleks ilus klaasi taga. Peaks uurima, et kas saan analoogsed eraldajad sinna sisse osta, siis paneks s\u00e4rgikesed ilusti vms. Praegune eraldaja j\u00e4\u00e4ks s\u00e4rkide jaoks nats v\u00e4ikeseks. <\/p>\n\n\n\n<p class=\"wp-block-paragraph\">Alumistes sahtlikestes on meil terve varu m\u00e4kusid nagu pildilt n\u00e4ha (meie pere arvates k\u00f5ige paremad <a href=\"https:\/\/kaup24.ee\/et\/search?q=moony\" target=\"_blank\" aria-label=\"undefined (opens in a new tab)\" rel=\"noreferrer noopener\">m\u00e4kud<\/a> \u00fcldse!!), \u00fches sahtlis voodipesu ja tekikesed, mida ei n\u00e4inud pointi pildistada ja \u00fcks sahtel t\u00fchi \ud83d\ude03.<\/p>\n\n\n\n<p class=\"wp-block-paragraph\">Bredeni riideid n\u00e4gite eelnevatel piltidel juba. Pildistasin Lindexi ja H&amp;Mi riided ka \u00fcles. Peamiselt ongi kapis Breden, H&amp;M, Lindex, m\u00f5ned asjad ka Polarn O. Pyret ja Tommy Hilfiger. Issi k\u00e4is eelmise aasta l\u00f5pus USA-s, siis t\u00f5i Hilfigeri lasteriideid ka m\u00f5ned, sest need seal outlet-ides sama hinnaga nagu meil siin H&amp;M \ud83d\ude03. Polarni ostsin Eestist, kui olid p\u00e4ris head allahindlused. <\/p>\n\n\n\n<figure class=\"wp-block-gallery columns-1 is-cropped wp-block-gallery-4 is-layout-flex wp-block-gallery-is-layout-flex\"><ul class=\"blocks-gallery-grid\"><li class=\"blocks-gallery-item\"><figure><img loading=\"lazy\" decoding=\"async\" width=\"1440\" height=\"960\" src=\"https:\/\/helen.vene.ee\/blog\/wp-content\/uploads\/2020\/07\/OS4A3912-2-1440x960.jpg\" alt=\"\" data-id=\"3504\" data-link=\"https:\/\/helen.vene.ee\/blog\/?attachment_id=3504\" class=\"wp-image-3504\" srcset=\"https:\/\/helen.vene.ee\/blog\/wp-content\/uploads\/2020\/07\/OS4A3912-2-1440x960.jpg 1440w, https:\/\/helen.vene.ee\/blog\/wp-content\/uploads\/2020\/07\/OS4A3912-2-300x200.jpg 300w, https:\/\/helen.vene.ee\/blog\/wp-content\/uploads\/2020\/07\/OS4A3912-2-1536x1024.jpg 1536w, https:\/\/helen.vene.ee\/blog\/wp-content\/uploads\/2020\/07\/OS4A3912-2-2048x1365.jpg 2048w, https:\/\/helen.vene.ee\/blog\/wp-content\/uploads\/2020\/07\/OS4A3912-2-800x533.jpg 800w\" sizes=\"auto, (max-width: 1440px) 100vw, 1440px\" \/><figcaption class=\"blocks-gallery-item__caption\">H&amp;M<\/figcaption><\/figure><\/li><li class=\"blocks-gallery-item\"><figure><img loading=\"lazy\" decoding=\"async\" width=\"1440\" height=\"960\" src=\"https:\/\/helen.vene.ee\/blog\/wp-content\/uploads\/2020\/07\/OS4A3910-1-1440x960.jpg\" alt=\"\" data-id=\"3505\" data-full-url=\"https:\/\/helen.vene.ee\/blog\/wp-content\/uploads\/2020\/07\/OS4A3910-1-scaled.jpg\" data-link=\"https:\/\/helen.vene.ee\/blog\/?attachment_id=3505\" class=\"wp-image-3505\" srcset=\"https:\/\/helen.vene.ee\/blog\/wp-content\/uploads\/2020\/07\/OS4A3910-1-1440x960.jpg 1440w, https:\/\/helen.vene.ee\/blog\/wp-content\/uploads\/2020\/07\/OS4A3910-1-300x200.jpg 300w, https:\/\/helen.vene.ee\/blog\/wp-content\/uploads\/2020\/07\/OS4A3910-1-1536x1024.jpg 1536w, https:\/\/helen.vene.ee\/blog\/wp-content\/uploads\/2020\/07\/OS4A3910-1-2048x1365.jpg 2048w, https:\/\/helen.vene.ee\/blog\/wp-content\/uploads\/2020\/07\/OS4A3910-1-800x533.jpg 800w\" sizes=\"auto, (max-width: 1440px) 100vw, 1440px\" \/><figcaption class=\"blocks-gallery-item__caption\">Lindex<\/figcaption><\/figure><\/li><\/ul><\/figure>\n\n\n\n<p class=\"wp-block-paragraph\">Varsti juba ongi k\u00e4es 5. minis\u00fcnna! Uute postitusteni.<\/p>\n\n\n\n<p class=\"wp-block-paragraph\"><span class=\"has-inline-color has-pale-pink-color\">\u2665\u2665\u2665<\/span><\/p>\n","protected":false},"excerpt":{"rendered":"<p>Tereee! T\u00e4naseks postituse teemaks lapse toa sisekujundus ehk vaatame \u00fcle, mis uuendusi me lapse toas teinud oleme. Panime seina tapeedi ja ostsime talle riidekapi. Enne beebi tulekut n\u00e4gi tuba v\u00e4lja selline: Keda t\u00e4psemalt huvitab eelmine&hellip;<\/p>\n","protected":false},"author":1,"featured_media":3514,"comment_status":"open","ping_status":"closed","sticky":false,"template":"","format":"standard","meta":{"_crdt_document":"","footnotes":""},"categories":[156,243],"tags":[251,162,250,249,245,177],"class_list":["post-3363","post","type-post","status-publish","format-standard","has-post-thumbnail","hentry","category-home","category-kid","tag-beebituba","tag-kodu-sisustamine","tag-lapse-tuba","tag-lapsetuba","tag-poiss","tag-sisustamine"],"yoast_head":"<!-- This site is optimized with the Yoast SEO plugin v27.5 - https:\/\/yoast.com\/product\/yoast-seo-wordpress\/ -->\n<title>Lapse toa sisekujundus ehk uus riidekapp ja tapeet seinas - Helen Vene<\/title>\n<meta name=\"description\" content=\"Selle postituse teemaks lapse toa sisekujundus ehk vaatame \u00fcle, mis uuendusi me lapse toas teinud oleme. M\u00e4rks\u00f5nadeks tapeet ja riidekapp.\" \/>\n<meta name=\"robots\" content=\"index, follow, max-snippet:-1, max-image-preview:large, max-video-preview:-1\" \/>\n<link rel=\"canonical\" href=\"https:\/\/helen.vene.ee\/blog\/2020\/07\/lapse-toa-sisekujundus\/\" \/>\n<meta property=\"og:locale\" content=\"en_US\" \/>\n<meta property=\"og:type\" content=\"article\" \/>\n<meta property=\"og:title\" content=\"Lapse toa sisekujundus ehk uus riidekapp ja tapeet seinas - Helen Vene\" \/>\n<meta property=\"og:description\" content=\"Selle postituse teemaks lapse toa sisekujundus ehk vaatame \u00fcle, mis uuendusi me lapse toas teinud oleme. M\u00e4rks\u00f5nadeks tapeet ja riidekapp.\" \/>\n<meta property=\"og:url\" content=\"https:\/\/helen.vene.ee\/blog\/2020\/07\/lapse-toa-sisekujundus\/\" \/>\n<meta property=\"og:site_name\" content=\"Helen Vene\" \/>\n<meta property=\"article:published_time\" content=\"2020-07-29T10:52:48+00:00\" \/>\n<meta property=\"article:modified_time\" content=\"2020-07-29T11:08:26+00:00\" \/>\n<meta property=\"og:image\" content=\"https:\/\/helen.vene.ee\/blog\/wp-content\/uploads\/2020\/07\/IMG_5054-2-scaled.jpg\" \/>\n\t<meta property=\"og:image:width\" content=\"2560\" \/>\n\t<meta property=\"og:image:height\" content=\"1920\" \/>\n\t<meta property=\"og:image:type\" content=\"image\/jpeg\" \/>\n<meta name=\"author\" content=\"Helen\" \/>\n<meta name=\"twitter:card\" content=\"summary_large_image\" \/>\n<meta name=\"twitter:label1\" content=\"Written by\" \/>\n\t<meta name=\"twitter:data1\" content=\"Helen\" \/>\n\t<meta name=\"twitter:label2\" content=\"Est. reading time\" \/>\n\t<meta name=\"twitter:data2\" content=\"3 minutes\" \/>\n<script type=\"application\/ld+json\" class=\"yoast-schema-graph\">{\"@context\":\"https:\\\/\\\/schema.org\",\"@graph\":[{\"@type\":\"Article\",\"@id\":\"https:\\\/\\\/helen.vene.ee\\\/blog\\\/2020\\\/07\\\/lapse-toa-sisekujundus\\\/#article\",\"isPartOf\":{\"@id\":\"https:\\\/\\\/helen.vene.ee\\\/blog\\\/2020\\\/07\\\/lapse-toa-sisekujundus\\\/\"},\"author\":{\"name\":\"Helen\",\"@id\":\"https:\\\/\\\/helen.vene.ee\\\/blog\\\/#\\\/schema\\\/person\\\/9b2e035aa529d8aaccc27d43609b1ecb\"},\"headline\":\"Lapse toa sisekujundus ehk uus riidekapp ja tapeet seinas\",\"datePublished\":\"2020-07-29T10:52:48+00:00\",\"dateModified\":\"2020-07-29T11:08:26+00:00\",\"mainEntityOfPage\":{\"@id\":\"https:\\\/\\\/helen.vene.ee\\\/blog\\\/2020\\\/07\\\/lapse-toa-sisekujundus\\\/\"},\"wordCount\":696,\"commentCount\":1,\"publisher\":{\"@id\":\"https:\\\/\\\/helen.vene.ee\\\/blog\\\/#\\\/schema\\\/person\\\/9b2e035aa529d8aaccc27d43609b1ecb\"},\"image\":{\"@id\":\"https:\\\/\\\/helen.vene.ee\\\/blog\\\/2020\\\/07\\\/lapse-toa-sisekujundus\\\/#primaryimage\"},\"thumbnailUrl\":\"https:\\\/\\\/helen.vene.ee\\\/blog\\\/wp-content\\\/uploads\\\/2020\\\/07\\\/IMG_5054-2-scaled.jpg\",\"keywords\":[\"beebituba\",\"kodu sisustamine\",\"lapse tuba\",\"lapsetuba\",\"poiss\",\"sisustamine\"],\"articleSection\":[\"Home\",\"Kid\"],\"inLanguage\":\"en-US\",\"potentialAction\":[{\"@type\":\"CommentAction\",\"name\":\"Comment\",\"target\":[\"https:\\\/\\\/helen.vene.ee\\\/blog\\\/2020\\\/07\\\/lapse-toa-sisekujundus\\\/#respond\"]}]},{\"@type\":\"WebPage\",\"@id\":\"https:\\\/\\\/helen.vene.ee\\\/blog\\\/2020\\\/07\\\/lapse-toa-sisekujundus\\\/\",\"url\":\"https:\\\/\\\/helen.vene.ee\\\/blog\\\/2020\\\/07\\\/lapse-toa-sisekujundus\\\/\",\"name\":\"Lapse toa sisekujundus ehk uus riidekapp ja tapeet seinas - Helen Vene\",\"isPartOf\":{\"@id\":\"https:\\\/\\\/helen.vene.ee\\\/blog\\\/#website\"},\"primaryImageOfPage\":{\"@id\":\"https:\\\/\\\/helen.vene.ee\\\/blog\\\/2020\\\/07\\\/lapse-toa-sisekujundus\\\/#primaryimage\"},\"image\":{\"@id\":\"https:\\\/\\\/helen.vene.ee\\\/blog\\\/2020\\\/07\\\/lapse-toa-sisekujundus\\\/#primaryimage\"},\"thumbnailUrl\":\"https:\\\/\\\/helen.vene.ee\\\/blog\\\/wp-content\\\/uploads\\\/2020\\\/07\\\/IMG_5054-2-scaled.jpg\",\"datePublished\":\"2020-07-29T10:52:48+00:00\",\"dateModified\":\"2020-07-29T11:08:26+00:00\",\"description\":\"Selle postituse teemaks lapse toa sisekujundus ehk vaatame \u00fcle, mis uuendusi me lapse toas teinud oleme. M\u00e4rks\u00f5nadeks tapeet ja riidekapp.\",\"breadcrumb\":{\"@id\":\"https:\\\/\\\/helen.vene.ee\\\/blog\\\/2020\\\/07\\\/lapse-toa-sisekujundus\\\/#breadcrumb\"},\"inLanguage\":\"en-US\",\"potentialAction\":[{\"@type\":\"ReadAction\",\"target\":[\"https:\\\/\\\/helen.vene.ee\\\/blog\\\/2020\\\/07\\\/lapse-toa-sisekujundus\\\/\"]}]},{\"@type\":\"ImageObject\",\"inLanguage\":\"en-US\",\"@id\":\"https:\\\/\\\/helen.vene.ee\\\/blog\\\/2020\\\/07\\\/lapse-toa-sisekujundus\\\/#primaryimage\",\"url\":\"https:\\\/\\\/helen.vene.ee\\\/blog\\\/wp-content\\\/uploads\\\/2020\\\/07\\\/IMG_5054-2-scaled.jpg\",\"contentUrl\":\"https:\\\/\\\/helen.vene.ee\\\/blog\\\/wp-content\\\/uploads\\\/2020\\\/07\\\/IMG_5054-2-scaled.jpg\",\"width\":2560,\"height\":1920},{\"@type\":\"BreadcrumbList\",\"@id\":\"https:\\\/\\\/helen.vene.ee\\\/blog\\\/2020\\\/07\\\/lapse-toa-sisekujundus\\\/#breadcrumb\",\"itemListElement\":[{\"@type\":\"ListItem\",\"position\":1,\"name\":\"Home\",\"item\":\"https:\\\/\\\/helen.vene.ee\\\/blog\\\/\"},{\"@type\":\"ListItem\",\"position\":2,\"name\":\"Lapse toa sisekujundus ehk uus riidekapp ja tapeet seinas\"}]},{\"@type\":\"WebSite\",\"@id\":\"https:\\\/\\\/helen.vene.ee\\\/blog\\\/#website\",\"url\":\"https:\\\/\\\/helen.vene.ee\\\/blog\\\/\",\"name\":\"Helen Vene\",\"description\":\"\",\"publisher\":{\"@id\":\"https:\\\/\\\/helen.vene.ee\\\/blog\\\/#\\\/schema\\\/person\\\/9b2e035aa529d8aaccc27d43609b1ecb\"},\"potentialAction\":[{\"@type\":\"SearchAction\",\"target\":{\"@type\":\"EntryPoint\",\"urlTemplate\":\"https:\\\/\\\/helen.vene.ee\\\/blog\\\/?s={search_term_string}\"},\"query-input\":{\"@type\":\"PropertyValueSpecification\",\"valueRequired\":true,\"valueName\":\"search_term_string\"}}],\"inLanguage\":\"en-US\"},{\"@type\":[\"Person\",\"Organization\"],\"@id\":\"https:\\\/\\\/helen.vene.ee\\\/blog\\\/#\\\/schema\\\/person\\\/9b2e035aa529d8aaccc27d43609b1ecb\",\"name\":\"Helen\",\"image\":{\"@type\":\"ImageObject\",\"inLanguage\":\"en-US\",\"@id\":\"https:\\\/\\\/secure.gravatar.com\\\/avatar\\\/f87827efcf08963d3db91a1dc3eaa2ce93bc4637714cfe8700292da8a683433a?s=96&d=mm&r=g\",\"url\":\"https:\\\/\\\/secure.gravatar.com\\\/avatar\\\/f87827efcf08963d3db91a1dc3eaa2ce93bc4637714cfe8700292da8a683433a?s=96&d=mm&r=g\",\"contentUrl\":\"https:\\\/\\\/secure.gravatar.com\\\/avatar\\\/f87827efcf08963d3db91a1dc3eaa2ce93bc4637714cfe8700292da8a683433a?s=96&d=mm&r=g\",\"caption\":\"Helen\"},\"logo\":{\"@id\":\"https:\\\/\\\/secure.gravatar.com\\\/avatar\\\/f87827efcf08963d3db91a1dc3eaa2ce93bc4637714cfe8700292da8a683433a?s=96&d=mm&r=g\"}}]}<\/script>\n<!-- \/ Yoast SEO plugin. -->","yoast_head_json":{"title":"Lapse toa sisekujundus ehk uus riidekapp ja tapeet seinas - Helen Vene","description":"Selle postituse teemaks lapse toa sisekujundus ehk vaatame \u00fcle, mis uuendusi me lapse toas teinud oleme. M\u00e4rks\u00f5nadeks tapeet ja riidekapp.","robots":{"index":"index","follow":"follow","max-snippet":"max-snippet:-1","max-image-preview":"max-image-preview:large","max-video-preview":"max-video-preview:-1"},"canonical":"https:\/\/helen.vene.ee\/blog\/2020\/07\/lapse-toa-sisekujundus\/","og_locale":"en_US","og_type":"article","og_title":"Lapse toa sisekujundus ehk uus riidekapp ja tapeet seinas - Helen Vene","og_description":"Selle postituse teemaks lapse toa sisekujundus ehk vaatame \u00fcle, mis uuendusi me lapse toas teinud oleme. M\u00e4rks\u00f5nadeks tapeet ja riidekapp.","og_url":"https:\/\/helen.vene.ee\/blog\/2020\/07\/lapse-toa-sisekujundus\/","og_site_name":"Helen Vene","article_published_time":"2020-07-29T10:52:48+00:00","article_modified_time":"2020-07-29T11:08:26+00:00","og_image":[{"width":2560,"height":1920,"url":"https:\/\/helen.vene.ee\/blog\/wp-content\/uploads\/2020\/07\/IMG_5054-2-scaled.jpg","type":"image\/jpeg"}],"author":"Helen","twitter_card":"summary_large_image","twitter_misc":{"Written by":"Helen","Est. reading time":"3 minutes"},"schema":{"@context":"https:\/\/schema.org","@graph":[{"@type":"Article","@id":"https:\/\/helen.vene.ee\/blog\/2020\/07\/lapse-toa-sisekujundus\/#article","isPartOf":{"@id":"https:\/\/helen.vene.ee\/blog\/2020\/07\/lapse-toa-sisekujundus\/"},"author":{"name":"Helen","@id":"https:\/\/helen.vene.ee\/blog\/#\/schema\/person\/9b2e035aa529d8aaccc27d43609b1ecb"},"headline":"Lapse toa sisekujundus ehk uus riidekapp ja tapeet seinas","datePublished":"2020-07-29T10:52:48+00:00","dateModified":"2020-07-29T11:08:26+00:00","mainEntityOfPage":{"@id":"https:\/\/helen.vene.ee\/blog\/2020\/07\/lapse-toa-sisekujundus\/"},"wordCount":696,"commentCount":1,"publisher":{"@id":"https:\/\/helen.vene.ee\/blog\/#\/schema\/person\/9b2e035aa529d8aaccc27d43609b1ecb"},"image":{"@id":"https:\/\/helen.vene.ee\/blog\/2020\/07\/lapse-toa-sisekujundus\/#primaryimage"},"thumbnailUrl":"https:\/\/helen.vene.ee\/blog\/wp-content\/uploads\/2020\/07\/IMG_5054-2-scaled.jpg","keywords":["beebituba","kodu sisustamine","lapse tuba","lapsetuba","poiss","sisustamine"],"articleSection":["Home","Kid"],"inLanguage":"en-US","potentialAction":[{"@type":"CommentAction","name":"Comment","target":["https:\/\/helen.vene.ee\/blog\/2020\/07\/lapse-toa-sisekujundus\/#respond"]}]},{"@type":"WebPage","@id":"https:\/\/helen.vene.ee\/blog\/2020\/07\/lapse-toa-sisekujundus\/","url":"https:\/\/helen.vene.ee\/blog\/2020\/07\/lapse-toa-sisekujundus\/","name":"Lapse toa sisekujundus ehk uus riidekapp ja tapeet seinas - Helen Vene","isPartOf":{"@id":"https:\/\/helen.vene.ee\/blog\/#website"},"primaryImageOfPage":{"@id":"https:\/\/helen.vene.ee\/blog\/2020\/07\/lapse-toa-sisekujundus\/#primaryimage"},"image":{"@id":"https:\/\/helen.vene.ee\/blog\/2020\/07\/lapse-toa-sisekujundus\/#primaryimage"},"thumbnailUrl":"https:\/\/helen.vene.ee\/blog\/wp-content\/uploads\/2020\/07\/IMG_5054-2-scaled.jpg","datePublished":"2020-07-29T10:52:48+00:00","dateModified":"2020-07-29T11:08:26+00:00","description":"Selle postituse teemaks lapse toa sisekujundus ehk vaatame \u00fcle, mis uuendusi me lapse toas teinud oleme. M\u00e4rks\u00f5nadeks tapeet ja riidekapp.","breadcrumb":{"@id":"https:\/\/helen.vene.ee\/blog\/2020\/07\/lapse-toa-sisekujundus\/#breadcrumb"},"inLanguage":"en-US","potentialAction":[{"@type":"ReadAction","target":["https:\/\/helen.vene.ee\/blog\/2020\/07\/lapse-toa-sisekujundus\/"]}]},{"@type":"ImageObject","inLanguage":"en-US","@id":"https:\/\/helen.vene.ee\/blog\/2020\/07\/lapse-toa-sisekujundus\/#primaryimage","url":"https:\/\/helen.vene.ee\/blog\/wp-content\/uploads\/2020\/07\/IMG_5054-2-scaled.jpg","contentUrl":"https:\/\/helen.vene.ee\/blog\/wp-content\/uploads\/2020\/07\/IMG_5054-2-scaled.jpg","width":2560,"height":1920},{"@type":"BreadcrumbList","@id":"https:\/\/helen.vene.ee\/blog\/2020\/07\/lapse-toa-sisekujundus\/#breadcrumb","itemListElement":[{"@type":"ListItem","position":1,"name":"Home","item":"https:\/\/helen.vene.ee\/blog\/"},{"@type":"ListItem","position":2,"name":"Lapse toa sisekujundus ehk uus riidekapp ja tapeet seinas"}]},{"@type":"WebSite","@id":"https:\/\/helen.vene.ee\/blog\/#website","url":"https:\/\/helen.vene.ee\/blog\/","name":"Helen Vene","description":"","publisher":{"@id":"https:\/\/helen.vene.ee\/blog\/#\/schema\/person\/9b2e035aa529d8aaccc27d43609b1ecb"},"potentialAction":[{"@type":"SearchAction","target":{"@type":"EntryPoint","urlTemplate":"https:\/\/helen.vene.ee\/blog\/?s={search_term_string}"},"query-input":{"@type":"PropertyValueSpecification","valueRequired":true,"valueName":"search_term_string"}}],"inLanguage":"en-US"},{"@type":["Person","Organization"],"@id":"https:\/\/helen.vene.ee\/blog\/#\/schema\/person\/9b2e035aa529d8aaccc27d43609b1ecb","name":"Helen","image":{"@type":"ImageObject","inLanguage":"en-US","@id":"https:\/\/secure.gravatar.com\/avatar\/f87827efcf08963d3db91a1dc3eaa2ce93bc4637714cfe8700292da8a683433a?s=96&d=mm&r=g","url":"https:\/\/secure.gravatar.com\/avatar\/f87827efcf08963d3db91a1dc3eaa2ce93bc4637714cfe8700292da8a683433a?s=96&d=mm&r=g","contentUrl":"https:\/\/secure.gravatar.com\/avatar\/f87827efcf08963d3db91a1dc3eaa2ce93bc4637714cfe8700292da8a683433a?s=96&d=mm&r=g","caption":"Helen"},"logo":{"@id":"https:\/\/secure.gravatar.com\/avatar\/f87827efcf08963d3db91a1dc3eaa2ce93bc4637714cfe8700292da8a683433a?s=96&d=mm&r=g"}}]}},"_links":{"self":[{"href":"https:\/\/helen.vene.ee\/blog\/wp-json\/wp\/v2\/posts\/3363","targetHints":{"allow":["GET"]}}],"collection":[{"href":"https:\/\/helen.vene.ee\/blog\/wp-json\/wp\/v2\/posts"}],"about":[{"href":"https:\/\/helen.vene.ee\/blog\/wp-json\/wp\/v2\/types\/post"}],"author":[{"embeddable":true,"href":"https:\/\/helen.vene.ee\/blog\/wp-json\/wp\/v2\/users\/1"}],"replies":[{"embeddable":true,"href":"https:\/\/helen.vene.ee\/blog\/wp-json\/wp\/v2\/comments?post=3363"}],"version-history":[{"count":16,"href":"https:\/\/helen.vene.ee\/blog\/wp-json\/wp\/v2\/posts\/3363\/revisions"}],"predecessor-version":[{"id":3515,"href":"https:\/\/helen.vene.ee\/blog\/wp-json\/wp\/v2\/posts\/3363\/revisions\/3515"}],"wp:featuredmedia":[{"embeddable":true,"href":"https:\/\/helen.vene.ee\/blog\/wp-json\/wp\/v2\/media\/3514"}],"wp:attachment":[{"href":"https:\/\/helen.vene.ee\/blog\/wp-json\/wp\/v2\/media?parent=3363"}],"wp:term":[{"taxonomy":"category","embeddable":true,"href":"https:\/\/helen.vene.ee\/blog\/wp-json\/wp\/v2\/categories?post=3363"},{"taxonomy":"post_tag","embeddable":true,"href":"https:\/\/helen.vene.ee\/blog\/wp-json\/wp\/v2\/tags?post=3363"}],"curies":[{"name":"wp","href":"https:\/\/api.w.org\/{rel}","templated":true}]}}