{"id":2362,"date":"2018-12-28T21:36:24","date_gmt":"2018-12-28T19:36:24","guid":{"rendered":"http:\/\/helen.vene.ee\/blog\/?p=2362"},"modified":"2019-01-13T00:34:24","modified_gmt":"2019-01-12T22:34:24","slug":"joulumeeleolu-elutoas","status":"publish","type":"post","link":"https:\/\/helen.vene.ee\/blog\/2018\/12\/joulumeeleolu-elutoas\/","title":{"rendered":"J\u00f5ulumeeleolu elutoas"},"content":{"rendered":"\n<p class=\"wp-block-paragraph\">Uus kodu <em>update<\/em>&nbsp;postitus &#8211; seekord koos j\u00f5uludega! Selles postituses l\u00e4hemalt juttu elutoast, sest m\u00f6\u00f6bel ja telekas on n\u00fc\u00fcd juba m\u00f5nda aega kenasti paigas. Olen t\u00e4iega rahul, et j\u00e4rjekordne tuba hakkab valmis saama.&nbsp;<br><\/p>\n\n\n\n<h2 class=\"wp-block-heading\">Kuusk \ud83c\udf84<\/h2>\n\n\n\n<p class=\"wp-block-paragraph\">Sel aastal on mul \u00fcle 15 aasta kuusk toas. Ostsime Bauhofist ilusa kunstkuuse (jah, lugesid \u00f5igesti, kunstkuusk saab ka viisakas ja ilus olla). Ma ei ole n\u00f5us paari kuu p\u00e4rast p\u00e4ris puud maha v\u00f5tma, seega ilusam kunstkuusk osta, mis on k\u00fcll veidi kallim, aga see-eest j\u00e4\u00e4b aastateks, on minu arvates hea diil.<\/p>\n\n\n\n<p class=\"wp-block-paragraph\">Kuusk oli kolmes osas ja oksad saab kokku voltida, seega mahutab selle ka p\u00e4rast j\u00f5ule kenasti panipaika \u00e4ra. Mis mulle kuuse juures veel meeldis on see, et okkad n\u00e4evad v\u00e4lja nagu p\u00e4ris, ei ole sellised nagu v\u00e4ike laps oleks rohelisest kilekotist ribad l\u00f5iganud ja k\u00fclge kleepinud&nbsp;\ud83d\ude02<\/p>\n\n\n\n<figure class=\"wp-block-image\"><img loading=\"lazy\" decoding=\"async\" width=\"3599\" height=\"5399\" src=\"http:\/\/helen.vene.ee\/blog\/wp-content\/uploads\/2018\/12\/OS4A7961-4.jpg\" alt=\"\" class=\"wp-image-2368\" srcset=\"https:\/\/helen.vene.ee\/blog\/wp-content\/uploads\/2018\/12\/OS4A7961-4.jpg 3599w, https:\/\/helen.vene.ee\/blog\/wp-content\/uploads\/2018\/12\/OS4A7961-4-300x450.jpg 300w, https:\/\/helen.vene.ee\/blog\/wp-content\/uploads\/2018\/12\/OS4A7961-4-1440x2160.jpg 1440w, https:\/\/helen.vene.ee\/blog\/wp-content\/uploads\/2018\/12\/OS4A7961-4-800x1200.jpg 800w\" sizes=\"auto, (max-width: 3599px) 100vw, 3599px\" \/><figcaption>J\u00e4rgmiseks hooajaks v\u00f5iks m\u00f5ned roosad kuulid ja paar seda valget tekki kuuse alla veel juurde osta<\/figcaption><\/figure>\n\n\n\n<figure class=\"wp-block-image\"><img loading=\"lazy\" decoding=\"async\" width=\"3840\" height=\"5760\" src=\"http:\/\/helen.vene.ee\/blog\/wp-content\/uploads\/2018\/12\/OS4A8087-7.jpg\" alt=\"\" class=\"wp-image-2366\" srcset=\"https:\/\/helen.vene.ee\/blog\/wp-content\/uploads\/2018\/12\/OS4A8087-7.jpg 3840w, https:\/\/helen.vene.ee\/blog\/wp-content\/uploads\/2018\/12\/OS4A8087-7-300x450.jpg 300w, https:\/\/helen.vene.ee\/blog\/wp-content\/uploads\/2018\/12\/OS4A8087-7-1440x2160.jpg 1440w, https:\/\/helen.vene.ee\/blog\/wp-content\/uploads\/2018\/12\/OS4A8087-7-800x1200.jpg 800w\" sizes=\"auto, (max-width: 3840px) 100vw, 3840px\" \/><\/figure>\n\n\n\n<figure class=\"wp-block-image\"><img loading=\"lazy\" decoding=\"async\" width=\"5760\" height=\"3840\" src=\"http:\/\/helen.vene.ee\/blog\/wp-content\/uploads\/2018\/12\/OS4A8072-9.jpg\" alt=\"\" class=\"wp-image-2369\" srcset=\"https:\/\/helen.vene.ee\/blog\/wp-content\/uploads\/2018\/12\/OS4A8072-9.jpg 5760w, https:\/\/helen.vene.ee\/blog\/wp-content\/uploads\/2018\/12\/OS4A8072-9-300x200.jpg 300w, https:\/\/helen.vene.ee\/blog\/wp-content\/uploads\/2018\/12\/OS4A8072-9-1440x960.jpg 1440w, https:\/\/helen.vene.ee\/blog\/wp-content\/uploads\/2018\/12\/OS4A8072-9-800x533.jpg 800w\" sizes=\"auto, (max-width: 5760px) 100vw, 5760px\" \/><figcaption>Mul kaks p\u00e4rdikut kodus, aga kuusk on endiselt p\u00fcsti&nbsp;\ud83d\ude02<\/figcaption><\/figure>\n\n\n\n<h2 class=\"wp-block-heading\">Elutuba \ud83d\udcfa<br><\/h2>\n\n\n\n<p class=\"wp-block-paragraph\">Telekas on 65 tolli Samsung QLED, k\u00f5ik&nbsp;teised telekad tunduvad n\u00fc\u00fcd nii v\u00e4iksed \ud83d\ude02. Kuna tarbime hetkel \u00fcle \u00f5hu internetti ja telkut, siis v\u00e4ga palju HD kanaleid meil ei ole. J\u00e4rgmise aasta jooksul ehitatakse meie k\u00fclla ka &nbsp;valguskaabel ning siis saab normaalse \u00fchenduse. Valguskaabliga on juba \u00fcsna mitmed kodumaised kanalid ka HD-s olemas. &nbsp;Hetkel kanalid, mis ei ole HD-s, siis paratamatult nii suurelt ekraanilt torkab see udusus silma.&nbsp;Youtube videosid ja seriaale\/filme vaadata on muidugi m\u00f5nus suure ekraani pealt, kui on p\u00e4riselt ka hea kvaliteediga. &nbsp;Korteris elades peaaegu telekat ei vaatanudki, aga n\u00fc\u00fcd oleme p\u00e4ris palju vaatanud National Geographicu pealt erinevaid saateid &#8211; Air crash investigation ja mingid dokumentaalid suurehitistest, nt Sagrada Familia.<\/p>\n\n\n\n<p class=\"wp-block-paragraph\">Mees integreeris teleka seinale nii, et mitte \u00fchtegi juhet ei ole n\u00e4ha, juhhuu! Tegelikult oli selle telekaga isegi \u00fcsna lihtne, sest sellel on ainult \u00fcks optiline kaabel, mis l\u00e4heb n-\u00f6 konsoolkarbist telekasse ning l\u00e4bi selle \u00fche juhtme j\u00f5uavad telkusse nii toide, HDMI-d kui k\u00f5ik muud vajalikud \u00fchendused.<\/p>\n\n\n\n<p class=\"wp-block-paragraph\">Telekalaua all on n\u00e4ha ka <em>soundbar<\/em>-i, v\u00f5ib-olla peaks selle paigaldama telekalaua k\u00fclge, et oleks v\u00e4hem n\u00e4ha?<\/p>\n\n\n\n<figure class=\"wp-block-image\"><img loading=\"lazy\" decoding=\"async\" width=\"5760\" height=\"3840\" src=\"http:\/\/helen.vene.ee\/blog\/wp-content\/uploads\/2018\/12\/OS4A8076-3.jpg\" alt=\"\" class=\"wp-image-2364\" srcset=\"https:\/\/helen.vene.ee\/blog\/wp-content\/uploads\/2018\/12\/OS4A8076-3.jpg 5760w, https:\/\/helen.vene.ee\/blog\/wp-content\/uploads\/2018\/12\/OS4A8076-3-300x200.jpg 300w, https:\/\/helen.vene.ee\/blog\/wp-content\/uploads\/2018\/12\/OS4A8076-3-1440x960.jpg 1440w, https:\/\/helen.vene.ee\/blog\/wp-content\/uploads\/2018\/12\/OS4A8076-3-800x533.jpg 800w\" sizes=\"auto, (max-width: 5760px) 100vw, 5760px\" \/><\/figure>\n\n\n\n<p class=\"wp-block-paragraph\">Abilaud, diivanilaud ja telekalaud on p\u00e4rit Home4You-st, diivanid Zip Home-st, vaip ja p\u00f5randalamp K-rautast.&nbsp;Diivanipadjad on Koduekstrast ja \u00fclim\u00f5nusa pleedi kinkis mulle hea s\u00f5branna Laura.<\/p>\n\n\n\n<p class=\"wp-block-paragraph\">Diivanitega oli meil v\u00e4ga suur tsirkus. Tellimisaeg oli 12 n\u00e4dalat, saime 8 n\u00e4dalaga k\u00e4tte. P\u00e4rast kilest v\u00e4ljav\u00f5tmist m\u00e4rkasin diivanitel mingeid kortse. Me ostsimegi need diivanid sellep\u00e4rast, et poen\u00e4idisel paistis ilus ja tugev vorm ning kassikindel kangas (kassid saavad kraapida, aga k\u00fc\u00fcned sisse ei j\u00e4\u00e4 ning seega kangakiude v\u00e4lja ei t\u00f5mba). <\/p>\n\n\n\n<p class=\"wp-block-paragraph\">Esimene t\u00fc\u00fctu asi oli see, et meile saadeti \u00fchele diivanile valet v\u00e4rvi jalad, saatsin koheselt kirja, et jalad valed ning et ma pole rahul diivanite kvaliteediga (kortsud). Minu ootus oli, et saan t\u00e4pselt samasuguse nagu ma poes vaatasin. Kortsutamine v\u00f5ib tekkida m\u00f5ne aasta p\u00e4rast, kui diivani peal on juba istutud, aga uuena ei tohiks selliseid kortse k\u00fcll olla. Kui oleks poes sellist n\u00e4idist n\u00e4inud, siis ilmselgelt poleks osta tahtnudki. Aga kuna poe omal ei olnud, siis tundub nagu oleks keegi tehases lihtsalt \u00fcle jala oma t\u00f6\u00f6d teinud.<\/p>\n\n\n\n<figure class=\"wp-block-image\"><img loading=\"lazy\" decoding=\"async\" width=\"3024\" height=\"4032\" src=\"http:\/\/helen.vene.ee\/blog\/wp-content\/uploads\/2018\/12\/IMG_5672.jpg\" alt=\"\" class=\"wp-image-2373\" srcset=\"https:\/\/helen.vene.ee\/blog\/wp-content\/uploads\/2018\/12\/IMG_5672.jpg 3024w, https:\/\/helen.vene.ee\/blog\/wp-content\/uploads\/2018\/12\/IMG_5672-300x400.jpg 300w, https:\/\/helen.vene.ee\/blog\/wp-content\/uploads\/2018\/12\/IMG_5672-1440x1920.jpg 1440w, https:\/\/helen.vene.ee\/blog\/wp-content\/uploads\/2018\/12\/IMG_5672-800x1067.jpg 800w\" sizes=\"auto, (max-width: 3024px) 100vw, 3024px\" \/><figcaption>Esimene iste on ok, tagumistel need kortsud<\/figcaption><\/figure>\n\n\n\n<p class=\"wp-block-paragraph\">Kuna Zip Home ignoreeris mu kirju, siis ma vahepeal juba m\u00f5tlesin, et ok elan siis nende kortsudega edasi. Aga mu kannatus katkes, kui diivani lahtil\u00e4ival osal murdus mingisugune neet \u00e4ra (nagu halloo, seda lahtik\u00e4ivat osa oli max 2x kasutatud). K\u00e4isin mitu korda poes kohapeal, helistasin ning iga kord saatsin neile ka kirjalikult meie kokkulepped, kuid \u00fchtegi vastust\/lahendust ma ei saanud lubatud t\u00e4htaegadeks. L\u00f5puks saatsin ametliku kaebekirja ning j\u00e4rgmiseks p\u00e4evaks oli esimene lahendus olemas. Nad pakkusid meile salongi n\u00e4idisdiivanit, mille spetsifikatsioonid vastasid t\u00e4pselt meie tellitud diivanitele. Olime sellega n\u00f5us, kuna lihtsalt ei viitsinud rohkem tegeleda. Kui n\u00e4idisdiivan kohale toodi, siis selgus, et kangas on ikkagi teist v\u00e4rvi, missest et paberil on kanga v\u00e4rvitooni kood sama.<\/p>\n\n\n\n<p class=\"wp-block-paragraph\">L\u00f5puks sain nendega kokkuleppele, et mulle valmistatakse t\u00e4iesti uued diivanid, ootasin oma ooteaja j\u00e4lle \u00e4ra ning k\u00e4tte saades oli hea meel, et ma jonni ei j\u00e4tnud, sest uued on palju korralikumad. Kogu seda draamat oleks saanud v\u00e4ltida, kui mingi lohe kuskil tehases oleks teinud korralikud \u00f5mblused.&nbsp;<\/p>\n\n\n\n<figure class=\"wp-block-image\"><img loading=\"lazy\" decoding=\"async\" width=\"5760\" height=\"3840\" src=\"http:\/\/helen.vene.ee\/blog\/wp-content\/uploads\/2018\/12\/OS4A8090-9.jpg\" alt=\"\" class=\"wp-image-2363\" srcset=\"https:\/\/helen.vene.ee\/blog\/wp-content\/uploads\/2018\/12\/OS4A8090-9.jpg 5760w, https:\/\/helen.vene.ee\/blog\/wp-content\/uploads\/2018\/12\/OS4A8090-9-300x200.jpg 300w, https:\/\/helen.vene.ee\/blog\/wp-content\/uploads\/2018\/12\/OS4A8090-9-1440x960.jpg 1440w, https:\/\/helen.vene.ee\/blog\/wp-content\/uploads\/2018\/12\/OS4A8090-9-800x533.jpg 800w\" sizes=\"auto, (max-width: 5760px) 100vw, 5760px\" \/><\/figure>\n\n\n\n<p class=\"wp-block-paragraph\">Hetkel elutoast puudu veel vitriinkapp. Tahan paigutada selle suurema diivani tagant paistvasse seina. Ma ei suuda seda v\u00e4lja valida, sest ma pole \u00fchegi variandiga 100% rahul. L\u00fckkan ostu j\u00e4rgmisesse aastasse, siis kui on rohkem aega k\u00e4ia vaatamas erinevaid variante. Ilmselt on m\u00f5istlik osta teiste laudadega samast seeriast, aga see ei meeldinud mulle nii palju, et selle eest k\u00fcsitud hinda v\u00e4lja k\u00e4ia.<\/p>\n\n\n\n<p class=\"wp-block-paragraph\">V\u00e4iksema diivani tagant paistvasse seina plaanin teha pildiseina (sellega l\u00e4heb ka aega, kuna hetkel pole piisavalt pilte&nbsp;\ud83d\ude02). Pilte seinale s\u00e4ttida nii, et need sobiksid, saab olema suht raske, sest ma olen perfektsionist ja pole mitte kunagi millegagi rahul. Omaette teema saab olema kindlasti ka sobivate raamide leidmine.<\/p>\n\n\n\n<p class=\"wp-block-paragraph\">Toas meil hetkel eriti palju lampe ei ole. Selline karniisiga valguslahendus oli arendaja poolt juba eelnevalt planeeritud, meie ise sellist poleks tahta osanudki. Kogu see lahendus t\u00e4hendab lihtsalt seda, et arendaja t\u00f5i lage veidi allapoole, me ise paigaldasime \u00e4\u00e4rde LED riba. Ja p\u00e4ris ilus on see, et kardinasiinid ei paista v\u00e4lja.&nbsp;<\/p>\n\n\n\n<p class=\"wp-block-paragraph\">EDIT: Panin \u00fche <em>before<\/em> pildi siia vahele.<\/p>\n\n\n\n<figure class=\"wp-block-image\"><img loading=\"lazy\" decoding=\"async\" width=\"4032\" height=\"3024\" src=\"http:\/\/helen.vene.ee\/blog\/wp-content\/uploads\/2019\/01\/IMG_5048.jpg\" alt=\"\" class=\"wp-image-2405\" srcset=\"https:\/\/helen.vene.ee\/blog\/wp-content\/uploads\/2019\/01\/IMG_5048.jpg 4032w, https:\/\/helen.vene.ee\/blog\/wp-content\/uploads\/2019\/01\/IMG_5048-300x225.jpg 300w, https:\/\/helen.vene.ee\/blog\/wp-content\/uploads\/2019\/01\/IMG_5048-1440x1080.jpg 1440w, https:\/\/helen.vene.ee\/blog\/wp-content\/uploads\/2019\/01\/IMG_5048-800x600.jpg 800w\" sizes=\"auto, (max-width: 4032px) 100vw, 4032px\" \/><figcaption>Ehituses<\/figcaption><\/figure>\n\n\n\n<figure class=\"wp-block-image\"><img loading=\"lazy\" decoding=\"async\" width=\"5760\" height=\"3840\" src=\"http:\/\/helen.vene.ee\/blog\/wp-content\/uploads\/2018\/12\/OS4A8075-2.jpg\" alt=\"\" class=\"wp-image-2365\" srcset=\"https:\/\/helen.vene.ee\/blog\/wp-content\/uploads\/2018\/12\/OS4A8075-2.jpg 5760w, https:\/\/helen.vene.ee\/blog\/wp-content\/uploads\/2018\/12\/OS4A8075-2-300x200.jpg 300w, https:\/\/helen.vene.ee\/blog\/wp-content\/uploads\/2018\/12\/OS4A8075-2-1440x960.jpg 1440w, https:\/\/helen.vene.ee\/blog\/wp-content\/uploads\/2018\/12\/OS4A8075-2-800x533.jpg 800w\" sizes=\"auto, (max-width: 5760px) 100vw, 5760px\" \/><figcaption>Parketikuhja ja t\u00f6\u00f6riistade asemel n\u00fc\u00fcd diivanid \ud83d\ude03<\/figcaption><\/figure>\n\n\n\n<p class=\"wp-block-paragraph\">Kuna j\u00f5ulud n\u00fc\u00fcdseks l\u00e4bi, siis varsti on aeg, et kuusk kokku pakkida. Tundub nagu see toanurk j\u00e4\u00e4b natuke t\u00fchjaks, aga eks siis n\u00e4ha ole. Tuleb palmipuu asemele osta v\u00f5i liigutada kasside puu asemele \ud83d\ude02 Aga n\u00fc\u00fcd kui m\u00f6\u00f6bel kenasti paigas on elutuba ikka palju hubasem v\u00f5rreldes algsega, kui olid olemas ainult diivanid ja vaip.&nbsp;<\/p>\n\n\n\n<p class=\"wp-block-paragraph\">J\u00e4rgmise toana v\u00f5iks l\u00e4hemalt vaadata magamistuba koos garderoobiga, kuid garderoobis ei ole veel k\u00f5ik lambid ilusti laes ning ma pole tegelikult suutnud otsustada, kas tahan magamistuppa tapeedi ka panna. Seega ma arvan, et uus postitus tuleb uuel aastal&nbsp;\ud83d\ude0a<\/p>\n\n\n\n<p class=\"wp-block-paragraph\">\u2764\u2764\u2764<\/p>\n\n\n\n<p class=\"wp-block-paragraph\">EDIT: Tuli millalgi hiljem meelde, et oleksin v\u00f5inud ka siia postitusse panna pilte ehitusest. Siit need n\u00fc\u00fcd tulevad \ud83d\ude03<\/p>\n\n\n\n<figure class=\"wp-block-image\"><img loading=\"lazy\" decoding=\"async\" width=\"1440\" height=\"677\" src=\"http:\/\/helen.vene.ee\/blog\/wp-content\/uploads\/2019\/01\/Screenshot-2019-01-13-at-00.22.57-1440x677.png\" alt=\"\" class=\"wp-image-2404\" srcset=\"https:\/\/helen.vene.ee\/blog\/wp-content\/uploads\/2019\/01\/Screenshot-2019-01-13-at-00.22.57-1440x677.png 1440w, https:\/\/helen.vene.ee\/blog\/wp-content\/uploads\/2019\/01\/Screenshot-2019-01-13-at-00.22.57-300x141.png 300w, https:\/\/helen.vene.ee\/blog\/wp-content\/uploads\/2019\/01\/Screenshot-2019-01-13-at-00.22.57-800x376.png 800w, https:\/\/helen.vene.ee\/blog\/wp-content\/uploads\/2019\/01\/Screenshot-2019-01-13-at-00.22.57.png 1948w\" sizes=\"auto, (max-width: 1440px) 100vw, 1440px\" \/><figcaption>Algselt pidi tulema selline k\u00f6\u00f6k+elutuba<\/figcaption><\/figure>\n\n\n\n<p class=\"wp-block-paragraph\">Aga parkett tundus liiga kirju ning mina soovisin valgeid k\u00f5rgemaid liiste, siis lasime oma soovide j\u00e4rgi muuta. Valisime \u00fchelipilise tammeparketi. <\/p>\n\n\n\n<figure class=\"wp-block-image\"><img loading=\"lazy\" decoding=\"async\" width=\"1440\" height=\"1920\" src=\"http:\/\/helen.vene.ee\/blog\/wp-content\/uploads\/2019\/01\/IMG_5256-2-1440x1920.jpg\" alt=\"\" class=\"wp-image-2406\" srcset=\"https:\/\/helen.vene.ee\/blog\/wp-content\/uploads\/2019\/01\/IMG_5256-2-1440x1920.jpg 1440w, https:\/\/helen.vene.ee\/blog\/wp-content\/uploads\/2019\/01\/IMG_5256-2-300x400.jpg 300w, https:\/\/helen.vene.ee\/blog\/wp-content\/uploads\/2019\/01\/IMG_5256-2-800x1067.jpg 800w\" sizes=\"auto, (max-width: 1440px) 100vw, 1440px\" \/><figcaption>Elutuba p\u00e4rast v\u00f5tmete saamist<\/figcaption><\/figure>\n\n\n\n<figure class=\"wp-block-image\"><img loading=\"lazy\" decoding=\"async\" width=\"1440\" height=\"1080\" src=\"http:\/\/helen.vene.ee\/blog\/wp-content\/uploads\/2019\/01\/IMG_3330-1440x1080.jpg\" alt=\"\" class=\"wp-image-2403\" srcset=\"https:\/\/helen.vene.ee\/blog\/wp-content\/uploads\/2019\/01\/IMG_3330-1440x1080.jpg 1440w, https:\/\/helen.vene.ee\/blog\/wp-content\/uploads\/2019\/01\/IMG_3330-300x225.jpg 300w, https:\/\/helen.vene.ee\/blog\/wp-content\/uploads\/2019\/01\/IMG_3330-800x600.jpg 800w\" sizes=\"auto, (max-width: 1440px) 100vw, 1440px\" \/><figcaption>Elutuba p\u00e4rast Ikea reisi<\/figcaption><\/figure>\n","protected":false},"excerpt":{"rendered":"<p>Uus kodu update&nbsp;postitus &#8211; seekord koos j\u00f5uludega! Selles postituses l\u00e4hemalt juttu elutoast, sest m\u00f6\u00f6bel ja telekas on n\u00fc\u00fcd juba m\u00f5nda aega kenasti paigas. Olen t\u00e4iega rahul, et j\u00e4rjekordne tuba hakkab valmis saama.&nbsp; Kuusk \ud83c\udf84 Sel&hellip;<\/p>\n","protected":false},"author":1,"featured_media":2366,"comment_status":"open","ping_status":"closed","sticky":false,"template":"","format":"standard","meta":{"_crdt_document":"","footnotes":""},"categories":[156],"tags":[185,178,162,163,166,180],"class_list":["post-2362","post","type-post","status-publish","format-standard","has-post-thumbnail","hentry","category-home","tag-elutuba","tag-kodu","tag-kodu-sisustamine","tag-kolimine","tag-minu-kodu","tag-remont"],"yoast_head":"<!-- This site is optimized with the Yoast SEO plugin v27.5 - https:\/\/yoast.com\/product\/yoast-seo-wordpress\/ -->\n<title>J\u00f5ulumeeleolu elutoas - Helen Vene<\/title>\n<meta name=\"description\" content=\"Selles postituses l\u00e4hemalt juttu ja pilte elutoast, sest m\u00f6\u00f6bel ja telekas on n\u00fc\u00fcd juba m\u00f5nda aega kenasti paigas. J\u00e4rjekordne tuba hakkab valmis saama!\" \/>\n<meta name=\"robots\" content=\"index, follow, max-snippet:-1, max-image-preview:large, max-video-preview:-1\" \/>\n<link rel=\"canonical\" href=\"https:\/\/helen.vene.ee\/blog\/2018\/12\/joulumeeleolu-elutoas\/\" \/>\n<meta property=\"og:locale\" content=\"en_US\" \/>\n<meta property=\"og:type\" content=\"article\" \/>\n<meta property=\"og:title\" content=\"J\u00f5ulumeeleolu elutoas - Helen Vene\" \/>\n<meta property=\"og:description\" content=\"Selles postituses l\u00e4hemalt juttu ja pilte elutoast, sest m\u00f6\u00f6bel ja telekas on n\u00fc\u00fcd juba m\u00f5nda aega kenasti paigas. J\u00e4rjekordne tuba hakkab valmis saama!\" \/>\n<meta property=\"og:url\" content=\"https:\/\/helen.vene.ee\/blog\/2018\/12\/joulumeeleolu-elutoas\/\" \/>\n<meta property=\"og:site_name\" content=\"Helen Vene\" \/>\n<meta property=\"article:published_time\" content=\"2018-12-28T19:36:24+00:00\" \/>\n<meta property=\"article:modified_time\" content=\"2019-01-12T22:34:24+00:00\" \/>\n<meta property=\"og:image\" content=\"https:\/\/helen.vene.ee\/blog\/wp-content\/uploads\/2018\/12\/OS4A8087-7-1440x2160.jpg\" \/>\n\t<meta property=\"og:image:width\" content=\"1440\" \/>\n\t<meta property=\"og:image:height\" content=\"2160\" \/>\n\t<meta property=\"og:image:type\" content=\"image\/jpeg\" \/>\n<meta name=\"author\" content=\"Helen\" \/>\n<meta name=\"twitter:card\" content=\"summary_large_image\" \/>\n<meta name=\"twitter:label1\" content=\"Written by\" \/>\n\t<meta name=\"twitter:data1\" content=\"Helen\" \/>\n\t<meta name=\"twitter:label2\" content=\"Est. reading time\" \/>\n\t<meta name=\"twitter:data2\" content=\"6 minutes\" \/>\n<script type=\"application\/ld+json\" class=\"yoast-schema-graph\">{\"@context\":\"https:\\\/\\\/schema.org\",\"@graph\":[{\"@type\":\"Article\",\"@id\":\"https:\\\/\\\/helen.vene.ee\\\/blog\\\/2018\\\/12\\\/joulumeeleolu-elutoas\\\/#article\",\"isPartOf\":{\"@id\":\"https:\\\/\\\/helen.vene.ee\\\/blog\\\/2018\\\/12\\\/joulumeeleolu-elutoas\\\/\"},\"author\":{\"name\":\"Helen\",\"@id\":\"https:\\\/\\\/helen.vene.ee\\\/blog\\\/#\\\/schema\\\/person\\\/9b2e035aa529d8aaccc27d43609b1ecb\"},\"headline\":\"J\u00f5ulumeeleolu elutoas\",\"datePublished\":\"2018-12-28T19:36:24+00:00\",\"dateModified\":\"2019-01-12T22:34:24+00:00\",\"mainEntityOfPage\":{\"@id\":\"https:\\\/\\\/helen.vene.ee\\\/blog\\\/2018\\\/12\\\/joulumeeleolu-elutoas\\\/\"},\"wordCount\":1126,\"commentCount\":0,\"publisher\":{\"@id\":\"https:\\\/\\\/helen.vene.ee\\\/blog\\\/#\\\/schema\\\/person\\\/9b2e035aa529d8aaccc27d43609b1ecb\"},\"image\":{\"@id\":\"https:\\\/\\\/helen.vene.ee\\\/blog\\\/2018\\\/12\\\/joulumeeleolu-elutoas\\\/#primaryimage\"},\"thumbnailUrl\":\"https:\\\/\\\/helen.vene.ee\\\/blog\\\/wp-content\\\/uploads\\\/2018\\\/12\\\/OS4A8087-7.jpg\",\"keywords\":[\"elutuba\",\"kodu\",\"kodu sisustamine\",\"kolimine\",\"minu kodu\",\"remont\"],\"articleSection\":[\"Home\"],\"inLanguage\":\"en-US\",\"potentialAction\":[{\"@type\":\"CommentAction\",\"name\":\"Comment\",\"target\":[\"https:\\\/\\\/helen.vene.ee\\\/blog\\\/2018\\\/12\\\/joulumeeleolu-elutoas\\\/#respond\"]}]},{\"@type\":\"WebPage\",\"@id\":\"https:\\\/\\\/helen.vene.ee\\\/blog\\\/2018\\\/12\\\/joulumeeleolu-elutoas\\\/\",\"url\":\"https:\\\/\\\/helen.vene.ee\\\/blog\\\/2018\\\/12\\\/joulumeeleolu-elutoas\\\/\",\"name\":\"J\u00f5ulumeeleolu elutoas - Helen Vene\",\"isPartOf\":{\"@id\":\"https:\\\/\\\/helen.vene.ee\\\/blog\\\/#website\"},\"primaryImageOfPage\":{\"@id\":\"https:\\\/\\\/helen.vene.ee\\\/blog\\\/2018\\\/12\\\/joulumeeleolu-elutoas\\\/#primaryimage\"},\"image\":{\"@id\":\"https:\\\/\\\/helen.vene.ee\\\/blog\\\/2018\\\/12\\\/joulumeeleolu-elutoas\\\/#primaryimage\"},\"thumbnailUrl\":\"https:\\\/\\\/helen.vene.ee\\\/blog\\\/wp-content\\\/uploads\\\/2018\\\/12\\\/OS4A8087-7.jpg\",\"datePublished\":\"2018-12-28T19:36:24+00:00\",\"dateModified\":\"2019-01-12T22:34:24+00:00\",\"description\":\"Selles postituses l\u00e4hemalt juttu ja pilte elutoast, sest m\u00f6\u00f6bel ja telekas on n\u00fc\u00fcd juba m\u00f5nda aega kenasti paigas. J\u00e4rjekordne tuba hakkab valmis saama!\",\"breadcrumb\":{\"@id\":\"https:\\\/\\\/helen.vene.ee\\\/blog\\\/2018\\\/12\\\/joulumeeleolu-elutoas\\\/#breadcrumb\"},\"inLanguage\":\"en-US\",\"potentialAction\":[{\"@type\":\"ReadAction\",\"target\":[\"https:\\\/\\\/helen.vene.ee\\\/blog\\\/2018\\\/12\\\/joulumeeleolu-elutoas\\\/\"]}]},{\"@type\":\"ImageObject\",\"inLanguage\":\"en-US\",\"@id\":\"https:\\\/\\\/helen.vene.ee\\\/blog\\\/2018\\\/12\\\/joulumeeleolu-elutoas\\\/#primaryimage\",\"url\":\"https:\\\/\\\/helen.vene.ee\\\/blog\\\/wp-content\\\/uploads\\\/2018\\\/12\\\/OS4A8087-7.jpg\",\"contentUrl\":\"https:\\\/\\\/helen.vene.ee\\\/blog\\\/wp-content\\\/uploads\\\/2018\\\/12\\\/OS4A8087-7.jpg\",\"width\":3840,\"height\":5760},{\"@type\":\"BreadcrumbList\",\"@id\":\"https:\\\/\\\/helen.vene.ee\\\/blog\\\/2018\\\/12\\\/joulumeeleolu-elutoas\\\/#breadcrumb\",\"itemListElement\":[{\"@type\":\"ListItem\",\"position\":1,\"name\":\"Home\",\"item\":\"https:\\\/\\\/helen.vene.ee\\\/blog\\\/\"},{\"@type\":\"ListItem\",\"position\":2,\"name\":\"J\u00f5ulumeeleolu elutoas\"}]},{\"@type\":\"WebSite\",\"@id\":\"https:\\\/\\\/helen.vene.ee\\\/blog\\\/#website\",\"url\":\"https:\\\/\\\/helen.vene.ee\\\/blog\\\/\",\"name\":\"Helen Vene\",\"description\":\"\",\"publisher\":{\"@id\":\"https:\\\/\\\/helen.vene.ee\\\/blog\\\/#\\\/schema\\\/person\\\/9b2e035aa529d8aaccc27d43609b1ecb\"},\"potentialAction\":[{\"@type\":\"SearchAction\",\"target\":{\"@type\":\"EntryPoint\",\"urlTemplate\":\"https:\\\/\\\/helen.vene.ee\\\/blog\\\/?s={search_term_string}\"},\"query-input\":{\"@type\":\"PropertyValueSpecification\",\"valueRequired\":true,\"valueName\":\"search_term_string\"}}],\"inLanguage\":\"en-US\"},{\"@type\":[\"Person\",\"Organization\"],\"@id\":\"https:\\\/\\\/helen.vene.ee\\\/blog\\\/#\\\/schema\\\/person\\\/9b2e035aa529d8aaccc27d43609b1ecb\",\"name\":\"Helen\",\"image\":{\"@type\":\"ImageObject\",\"inLanguage\":\"en-US\",\"@id\":\"https:\\\/\\\/secure.gravatar.com\\\/avatar\\\/f87827efcf08963d3db91a1dc3eaa2ce93bc4637714cfe8700292da8a683433a?s=96&d=mm&r=g\",\"url\":\"https:\\\/\\\/secure.gravatar.com\\\/avatar\\\/f87827efcf08963d3db91a1dc3eaa2ce93bc4637714cfe8700292da8a683433a?s=96&d=mm&r=g\",\"contentUrl\":\"https:\\\/\\\/secure.gravatar.com\\\/avatar\\\/f87827efcf08963d3db91a1dc3eaa2ce93bc4637714cfe8700292da8a683433a?s=96&d=mm&r=g\",\"caption\":\"Helen\"},\"logo\":{\"@id\":\"https:\\\/\\\/secure.gravatar.com\\\/avatar\\\/f87827efcf08963d3db91a1dc3eaa2ce93bc4637714cfe8700292da8a683433a?s=96&d=mm&r=g\"}}]}<\/script>\n<!-- \/ Yoast SEO plugin. -->","yoast_head_json":{"title":"J\u00f5ulumeeleolu elutoas - Helen Vene","description":"Selles postituses l\u00e4hemalt juttu ja pilte elutoast, sest m\u00f6\u00f6bel ja telekas on n\u00fc\u00fcd juba m\u00f5nda aega kenasti paigas. J\u00e4rjekordne tuba hakkab valmis saama!","robots":{"index":"index","follow":"follow","max-snippet":"max-snippet:-1","max-image-preview":"max-image-preview:large","max-video-preview":"max-video-preview:-1"},"canonical":"https:\/\/helen.vene.ee\/blog\/2018\/12\/joulumeeleolu-elutoas\/","og_locale":"en_US","og_type":"article","og_title":"J\u00f5ulumeeleolu elutoas - Helen Vene","og_description":"Selles postituses l\u00e4hemalt juttu ja pilte elutoast, sest m\u00f6\u00f6bel ja telekas on n\u00fc\u00fcd juba m\u00f5nda aega kenasti paigas. J\u00e4rjekordne tuba hakkab valmis saama!","og_url":"https:\/\/helen.vene.ee\/blog\/2018\/12\/joulumeeleolu-elutoas\/","og_site_name":"Helen Vene","article_published_time":"2018-12-28T19:36:24+00:00","article_modified_time":"2019-01-12T22:34:24+00:00","og_image":[{"width":1440,"height":2160,"url":"https:\/\/helen.vene.ee\/blog\/wp-content\/uploads\/2018\/12\/OS4A8087-7-1440x2160.jpg","type":"image\/jpeg"}],"author":"Helen","twitter_card":"summary_large_image","twitter_misc":{"Written by":"Helen","Est. reading time":"6 minutes"},"schema":{"@context":"https:\/\/schema.org","@graph":[{"@type":"Article","@id":"https:\/\/helen.vene.ee\/blog\/2018\/12\/joulumeeleolu-elutoas\/#article","isPartOf":{"@id":"https:\/\/helen.vene.ee\/blog\/2018\/12\/joulumeeleolu-elutoas\/"},"author":{"name":"Helen","@id":"https:\/\/helen.vene.ee\/blog\/#\/schema\/person\/9b2e035aa529d8aaccc27d43609b1ecb"},"headline":"J\u00f5ulumeeleolu elutoas","datePublished":"2018-12-28T19:36:24+00:00","dateModified":"2019-01-12T22:34:24+00:00","mainEntityOfPage":{"@id":"https:\/\/helen.vene.ee\/blog\/2018\/12\/joulumeeleolu-elutoas\/"},"wordCount":1126,"commentCount":0,"publisher":{"@id":"https:\/\/helen.vene.ee\/blog\/#\/schema\/person\/9b2e035aa529d8aaccc27d43609b1ecb"},"image":{"@id":"https:\/\/helen.vene.ee\/blog\/2018\/12\/joulumeeleolu-elutoas\/#primaryimage"},"thumbnailUrl":"https:\/\/helen.vene.ee\/blog\/wp-content\/uploads\/2018\/12\/OS4A8087-7.jpg","keywords":["elutuba","kodu","kodu sisustamine","kolimine","minu kodu","remont"],"articleSection":["Home"],"inLanguage":"en-US","potentialAction":[{"@type":"CommentAction","name":"Comment","target":["https:\/\/helen.vene.ee\/blog\/2018\/12\/joulumeeleolu-elutoas\/#respond"]}]},{"@type":"WebPage","@id":"https:\/\/helen.vene.ee\/blog\/2018\/12\/joulumeeleolu-elutoas\/","url":"https:\/\/helen.vene.ee\/blog\/2018\/12\/joulumeeleolu-elutoas\/","name":"J\u00f5ulumeeleolu elutoas - Helen Vene","isPartOf":{"@id":"https:\/\/helen.vene.ee\/blog\/#website"},"primaryImageOfPage":{"@id":"https:\/\/helen.vene.ee\/blog\/2018\/12\/joulumeeleolu-elutoas\/#primaryimage"},"image":{"@id":"https:\/\/helen.vene.ee\/blog\/2018\/12\/joulumeeleolu-elutoas\/#primaryimage"},"thumbnailUrl":"https:\/\/helen.vene.ee\/blog\/wp-content\/uploads\/2018\/12\/OS4A8087-7.jpg","datePublished":"2018-12-28T19:36:24+00:00","dateModified":"2019-01-12T22:34:24+00:00","description":"Selles postituses l\u00e4hemalt juttu ja pilte elutoast, sest m\u00f6\u00f6bel ja telekas on n\u00fc\u00fcd juba m\u00f5nda aega kenasti paigas. J\u00e4rjekordne tuba hakkab valmis saama!","breadcrumb":{"@id":"https:\/\/helen.vene.ee\/blog\/2018\/12\/joulumeeleolu-elutoas\/#breadcrumb"},"inLanguage":"en-US","potentialAction":[{"@type":"ReadAction","target":["https:\/\/helen.vene.ee\/blog\/2018\/12\/joulumeeleolu-elutoas\/"]}]},{"@type":"ImageObject","inLanguage":"en-US","@id":"https:\/\/helen.vene.ee\/blog\/2018\/12\/joulumeeleolu-elutoas\/#primaryimage","url":"https:\/\/helen.vene.ee\/blog\/wp-content\/uploads\/2018\/12\/OS4A8087-7.jpg","contentUrl":"https:\/\/helen.vene.ee\/blog\/wp-content\/uploads\/2018\/12\/OS4A8087-7.jpg","width":3840,"height":5760},{"@type":"BreadcrumbList","@id":"https:\/\/helen.vene.ee\/blog\/2018\/12\/joulumeeleolu-elutoas\/#breadcrumb","itemListElement":[{"@type":"ListItem","position":1,"name":"Home","item":"https:\/\/helen.vene.ee\/blog\/"},{"@type":"ListItem","position":2,"name":"J\u00f5ulumeeleolu elutoas"}]},{"@type":"WebSite","@id":"https:\/\/helen.vene.ee\/blog\/#website","url":"https:\/\/helen.vene.ee\/blog\/","name":"Helen Vene","description":"","publisher":{"@id":"https:\/\/helen.vene.ee\/blog\/#\/schema\/person\/9b2e035aa529d8aaccc27d43609b1ecb"},"potentialAction":[{"@type":"SearchAction","target":{"@type":"EntryPoint","urlTemplate":"https:\/\/helen.vene.ee\/blog\/?s={search_term_string}"},"query-input":{"@type":"PropertyValueSpecification","valueRequired":true,"valueName":"search_term_string"}}],"inLanguage":"en-US"},{"@type":["Person","Organization"],"@id":"https:\/\/helen.vene.ee\/blog\/#\/schema\/person\/9b2e035aa529d8aaccc27d43609b1ecb","name":"Helen","image":{"@type":"ImageObject","inLanguage":"en-US","@id":"https:\/\/secure.gravatar.com\/avatar\/f87827efcf08963d3db91a1dc3eaa2ce93bc4637714cfe8700292da8a683433a?s=96&d=mm&r=g","url":"https:\/\/secure.gravatar.com\/avatar\/f87827efcf08963d3db91a1dc3eaa2ce93bc4637714cfe8700292da8a683433a?s=96&d=mm&r=g","contentUrl":"https:\/\/secure.gravatar.com\/avatar\/f87827efcf08963d3db91a1dc3eaa2ce93bc4637714cfe8700292da8a683433a?s=96&d=mm&r=g","caption":"Helen"},"logo":{"@id":"https:\/\/secure.gravatar.com\/avatar\/f87827efcf08963d3db91a1dc3eaa2ce93bc4637714cfe8700292da8a683433a?s=96&d=mm&r=g"}}]}},"_links":{"self":[{"href":"https:\/\/helen.vene.ee\/blog\/wp-json\/wp\/v2\/posts\/2362","targetHints":{"allow":["GET"]}}],"collection":[{"href":"https:\/\/helen.vene.ee\/blog\/wp-json\/wp\/v2\/posts"}],"about":[{"href":"https:\/\/helen.vene.ee\/blog\/wp-json\/wp\/v2\/types\/post"}],"author":[{"embeddable":true,"href":"https:\/\/helen.vene.ee\/blog\/wp-json\/wp\/v2\/users\/1"}],"replies":[{"embeddable":true,"href":"https:\/\/helen.vene.ee\/blog\/wp-json\/wp\/v2\/comments?post=2362"}],"version-history":[{"count":13,"href":"https:\/\/helen.vene.ee\/blog\/wp-json\/wp\/v2\/posts\/2362\/revisions"}],"predecessor-version":[{"id":2409,"href":"https:\/\/helen.vene.ee\/blog\/wp-json\/wp\/v2\/posts\/2362\/revisions\/2409"}],"wp:featuredmedia":[{"embeddable":true,"href":"https:\/\/helen.vene.ee\/blog\/wp-json\/wp\/v2\/media\/2366"}],"wp:attachment":[{"href":"https:\/\/helen.vene.ee\/blog\/wp-json\/wp\/v2\/media?parent=2362"}],"wp:term":[{"taxonomy":"category","embeddable":true,"href":"https:\/\/helen.vene.ee\/blog\/wp-json\/wp\/v2\/categories?post=2362"},{"taxonomy":"post_tag","embeddable":true,"href":"https:\/\/helen.vene.ee\/blog\/wp-json\/wp\/v2\/tags?post=2362"}],"curies":[{"name":"wp","href":"https:\/\/api.w.org\/{rel}","templated":true}]}}